{"id":1511,"date":"2023-04-28T09:32:45","date_gmt":"2023-04-28T09:32:45","guid":{"rendered":"https:\/\/meblekukulka.pl\/blog\/jak-wybrac-idealna-mebloscianke-do-salonu-copy\/"},"modified":"2025-03-31T08:40:17","modified_gmt":"2025-03-31T08:40:17","slug":"jakie-kolory-scian-do-sypialni-modna-sypialnia","status":"publish","type":"post","link":"https:\/\/meblekukulka.pl\/blog\/jakie-kolory-scian-do-sypialni-modna-sypialnia\/","title":{"rendered":"Jakie kolory \u015bcian do sypialni? Modna sypialnia 2025"},"content":{"rendered":"<!--themify_builder_content-->\n<div id=\"themify_builder_content-1511\" data-postid=\"1511\" class=\"themify_builder_content themify_builder_content-1511 themify_builder tf_clear\">\n    \t<!-- module_row -->\n\t<div  data-lazy=\"1\" class=\"module_row themify_builder_row tb_gg10009 tb_first tf_clearfix\">\n\t    \t\t<div class=\"row_inner col_align_top col-count-1 tf_box tf_w tf_rel\">\n\t\t\t<div  data-lazy=\"1\" class=\"module_column tb-column col-full first tb_blgg906 tf_box\">\n\t\t\t    \t        <div class=\"tb-column-inner tf_box tf_w\">\n\t\t    <!-- module text -->\n<div  class=\"module module-text tb_7jyc006   \" data-lazy=\"1\">\n        <div  class=\"tb_text_wrap\">\n    <p>Planujesz od\u015bwie\u017cy\u0107 swoj\u0105 sypialni\u0119? A mo\u017ce jeste\u015b na etapie wyko\u0144czeniowym i szukasz ciekawego pomys\u0142u na sw\u00f3j pok\u00f3j sypialniany? W takim razie zapraszamy do zapoznania si\u0119 z naszym artyku\u0142em, kt\u00f3ry z pewno\u015bci\u0105 Ci\u0119 zainteresuje \u2013 <strong>jaki kolor \u015bcian do sypialni b\u0119dzie modnym hitem w 2025 roku<\/strong>? Przedstawimy w nim najnowsze trendy oraz porady, <strong>jak odpowiednio dobiera\u0107 kolory do sypialni<\/strong>, aby stworzy\u0107 wymarzone wn\u0119trze. Dowiedz si\u0119 wi\u0119cej ju\u017c dzi\u015b!<\/p>    <\/div>\n<\/div>\n<!-- \/module text --><!-- module template_part -->\n<div  class=\"module module-layout-part tb_osoc819 \">\n    <div class=\"tb_layout_part_wrap tf_w\"><!--themify_builder_content-->\n    <div  class=\"themify_builder_content themify_builder_content-1291 themify_builder not_editable_builder in_the_loop\" data-postid=\"1291\">\n        \t<!-- module_row -->\n\t<div  data-lazy=\"1\" class=\"module_row themify_builder_row tb_7met93 tf_clearfix\">\n\t    \t\t<div class=\"row_inner col_align_top col-count-1 tf_box tf_w tf_rel\">\n\t\t\t<div  data-lazy=\"1\" class=\"module_column tb-column col-full first tb_hxqr94 tf_box\">\n\t\t\t    \t        <div class=\"tb-column-inner tf_box tf_w\">\n\t\t    <!-- module text -->\n<div  class=\"module module-text tb_2w0g783   \" data-lazy=\"1\">\n        <div  class=\"tb_text_wrap\">\n    <h2>Sprawd\u017a najlepsze meble w naszym sklepie meblekukulka.pl<\/h2>    <\/div>\n<\/div>\n<!-- \/module text -->\t        <\/div>\n\t    \t<\/div>\n\t\t    <\/div>\n\t    <!-- \/row_inner -->\n\t<\/div>\n\t<!-- \/module_row -->\n\t    <\/div>\n<!--\/themify_builder_content--><\/div>\n<\/div>\n<!-- \/module template_part -->\n<!-- module template_part -->\n<div  class=\"module module-layout-part tb_i18o030 \">\n    <div class=\"tb_layout_part_wrap tf_w\"><!--themify_builder_content-->\n    <div  class=\"themify_builder_content themify_builder_content-1289 themify_builder not_editable_builder in_the_loop\" data-postid=\"1289\">\n        \t<!-- module_row -->\n\t<div  data-lazy=\"1\" class=\"module_row themify_builder_row tb_mf43696 tf_clearfix\" >\n\t    \t\t<div class=\"row_inner col_align_top col-count-4 tf_box tf_w tf_rel\">\n\t\t\t<div  data-lazy=\"1\" class=\"module_column tb-column col4-1 first tb_g4bw696 repeat tf_box\">\n\t\t\t    \t        <div class=\"tb-column-inner tf_box tf_w\">\n\t\t    <!-- module image -->\n<div  class=\"module module-image tb_l0zr696   image-full-overlay auto_fullwidth tf_mw\" data-lazy=\"1\">\n        <div class=\"image-wrap tf_rel tf_mw\">\n\t\t    <a href=\"https:\/\/meblekukulka.pl\/30-sofy-tapicerowane\"\n\t       \t       >\n\t\t   \t\t<img loading=\"lazy\" decoding=\"async\" src=\"https:\/\/meblekukulka.pl\/blog\/wp-content\/uploads\/2023\/04\/living-room-g0135a726e_1280-1024x682-200x160.jpg\" width=\"200\" height=\"160\" class=\"wp-post-image wp-image-1529\" title=\"Sofy\" alt=\"Sofy tapicerowane\">\t    <\/a>\n\t\n\t\t<\/div>\n\t<!-- \/image-wrap -->\n    \n    \t<div class=\"image-content tf_overflow\">\n\t    \t\t\t<h3 class=\"image-title\">\n\t\t\t\t\t\t\t\t\t<a href=\"https:\/\/meblekukulka.pl\/30-sofy-tapicerowane\" \n\t\t\t\t\t   \t\t\t\t\t   >\n\t\t\t\t\t\t   Sofy\t\t\t\t\t<\/a>\n\t\t\t\t\t\t\t<\/h3>\n\t    \n\t    \t<\/div>\n\t<!-- \/image-content -->\n    \t<\/div>\n<!-- \/module image -->\t        <\/div>\n\t    \t<\/div>\n\t\t<div  data-lazy=\"1\" class=\"module_column tb-column col4-1 second tb_c6nh696 tf_box\">\n\t\t\t    \t        <div class=\"tb-column-inner tf_box tf_w\">\n\t\t    <!-- module image -->\n<div  class=\"module module-image tb_6d9l696   image-full-overlay auto_fullwidth tf_mw\" data-lazy=\"1\">\n        <div class=\"image-wrap tf_rel tf_mw\">\n\t\t    <a href=\"https:\/\/meblekukulka.pl\/16-kanapy-tapicerowane\"\n\t       \t       >\n\t\t   \t\t<img loading=\"lazy\" decoding=\"async\" src=\"https:\/\/meblekukulka.pl\/blog\/wp-content\/uploads\/2023\/04\/sofa-g6ef369d14_1280-1024x667-200x160.jpg\" width=\"200\" height=\"160\" class=\"wp-post-image wp-image-1532\" title=\"Kanapy\" alt=\"Kanapy tapicerowane\">\t    <\/a>\n\t\n\t\t<\/div>\n\t<!-- \/image-wrap -->\n    \n    \t<div class=\"image-content tf_overflow\">\n\t    \t\t\t<h3 class=\"image-title\">\n\t\t\t\t\t\t\t\t\t<a href=\"https:\/\/meblekukulka.pl\/16-kanapy-tapicerowane\" \n\t\t\t\t\t   \t\t\t\t\t   >\n\t\t\t\t\t\t   Kanapy\t\t\t\t\t<\/a>\n\t\t\t\t\t\t\t<\/h3>\n\t    \n\t    \t<\/div>\n\t<!-- \/image-content -->\n    \t<\/div>\n<!-- \/module image -->\t        <\/div>\n\t    \t<\/div>\n\t\t<div  data-lazy=\"1\" class=\"module_column tb-column col4-1 third tb_8l2f696 tf_box\">\n\t\t\t    \t        <div class=\"tb-column-inner tf_box tf_w\">\n\t\t    <!-- module image -->\n<div  class=\"module module-image tb_7vyr696   image-full-overlay auto_fullwidth tf_mw\" data-lazy=\"1\">\n        <div class=\"image-wrap tf_rel tf_mw\">\n\t\t    <a href=\"https:\/\/meblekukulka.pl\/22-lozka-tapicerowane-i-drewniane\"\n\t       \t       >\n\t\t   \t\t<img loading=\"lazy\" decoding=\"async\" src=\"https:\/\/meblekukulka.pl\/blog\/wp-content\/uploads\/2023\/04\/bedroom-g61dbb7d13_1280-3-1024x682-200x160.jpg\" width=\"200\" height=\"160\" class=\"wp-post-image wp-image-1528\" title=\"\u0141\u00f3\u017cka\" alt=\"\u0141\u00f3\u017cka tapicerowane\">\t    <\/a>\n\t\n\t\t<\/div>\n\t<!-- \/image-wrap -->\n    \n    \t<div class=\"image-content tf_overflow\">\n\t    \t\t\t<h3 class=\"image-title\">\n\t\t\t\t\t\t\t\t\t<a href=\"https:\/\/meblekukulka.pl\/22-lozka-tapicerowane-i-drewniane\" \n\t\t\t\t\t   \t\t\t\t\t   >\n\t\t\t\t\t\t   \u0141\u00f3\u017cka\t\t\t\t\t<\/a>\n\t\t\t\t\t\t\t<\/h3>\n\t    \n\t    \t<\/div>\n\t<!-- \/image-content -->\n    \t<\/div>\n<!-- \/module image -->\t        <\/div>\n\t    \t<\/div>\n\t\t<div  data-lazy=\"1\" class=\"module_column tb-column col4-1 last tb_9kxr696 repeat tf_box\">\n\t\t\t    \t        <div class=\"tb-column-inner tf_box tf_w\">\n\t\t    <!-- module image -->\n<div  class=\"module module-image tb_ase2696   image-full-overlay auto_fullwidth tf_mw\" data-lazy=\"1\">\n        <div class=\"image-wrap tf_rel tf_mw\">\n\t\t    <a href=\"https:\/\/meblekukulka.pl\/12-fotele-tapicerowane\"\n\t       \t       >\n\t\t   \t\t<img loading=\"lazy\" decoding=\"async\" src=\"https:\/\/meblekukulka.pl\/blog\/wp-content\/uploads\/2022\/01\/design-gaf2c29ee1_1920-820x1024-200x160.jpg\" width=\"200\" height=\"160\" class=\"wp-post-image wp-image-1089\" title=\"Fotele\" alt=\"Fotele tapicerowane\">\t    <\/a>\n\t\n\t\t<\/div>\n\t<!-- \/image-wrap -->\n    \n    \t<div class=\"image-content tf_overflow\">\n\t    \t\t\t<h3 class=\"image-title\">\n\t\t\t\t\t\t\t\t\t<a href=\"https:\/\/meblekukulka.pl\/12-fotele-tapicerowane\" \n\t\t\t\t\t   \t\t\t\t\t   >\n\t\t\t\t\t\t   Fotele\t\t\t\t\t<\/a>\n\t\t\t\t\t\t\t<\/h3>\n\t    \n\t    \t<\/div>\n\t<!-- \/image-content -->\n    \t<\/div>\n<!-- \/module image -->\t        <\/div>\n\t    \t<\/div>\n\t\t    <\/div>\n\t    <!-- \/row_inner -->\n\t<\/div>\n\t<!-- \/module_row -->\n\t    <\/div>\n<!--\/themify_builder_content--><\/div>\n<\/div>\n<!-- \/module template_part -->\n<!-- module text -->\n<div  class=\"module module-text tb_5yy6909   \" data-lazy=\"1\">\n        <div  class=\"tb_text_wrap\">\n    <h2>Trendy kolory \u015bcian w sypialni w 2025 roku<\/h2>\n<p>W 2025 roku modne b\u0119d\u0105 zielone odcienie, takie jak <strong>butelkowa ziele\u0144<\/strong>,<strong> mi\u0119ta<\/strong> czy <strong>jasne khaki<\/strong>. R\u00f3\u017ce tak\u017ce znajd\u0105 swoje miejsce w <strong>modnych sypialniach<\/strong>, zar\u00f3wno <strong>blady r\u00f3\u017c, pudrowy r\u00f3\u017c<\/strong>, jak i bardziej intensywne odcienie, takie jak<strong> fuksja<\/strong> czy<strong> malinowy<\/strong>. Klasyczna <strong>biel<\/strong>, ale w matowym wyko\u0144czeniu, r\u00f3wnie\u017c b\u0119dzie modnym wyborem. Ciemne odcienie szaro\u015bci, takie jak <strong>antracyt<\/strong> czy <strong>grafit<\/strong>, a tak\u017ce <strong>ciep\u0142e br\u0105zy<\/strong>, idealnie sprawdz\u0105 si\u0119 w nowoczesnych aran\u017cacjach. Jak to ze sob\u0105 po\u0142\u0105czy\u0107, aby osi\u0105gn\u0105\u0107 wymarzony efekt modnej sypialni?<\/p>    <\/div>\n<\/div>\n<!-- \/module text --><!-- module text -->\n<div  class=\"module module-text tb_ccsa809   \" data-lazy=\"1\">\n        <div  class=\"tb_text_wrap\">\n    <h2>Jak dobiera\u0107 kolory do sypialni?<\/h2>\n<p>Dobieraj\u0105c <strong>kolory \u015bcian do sypialni<\/strong>, nale\u017cy przede wszystkim zastanowi\u0107 si\u0119, jaki nastr\u00f3j chcemy stworzy\u0107 w tym pomieszczeniu. Zielone odcienie z pewno\u015bci\u0105 pomog\u0105 nam <strong>zrelaksowa\u0107 si\u0119 i zyska\u0107 poczucie harmonii<\/strong>. R\u00f3\u017c to kolor <strong>romantyczny i kojarz\u0105cy si\u0119 z mi\u0142o\u015bci\u0105<\/strong>, kt\u00f3ry idealnie sprawdzi si\u0119 w sypialni dla pary. Biel to kolor, kt\u00f3ry wprowadza do wn\u0119trza <strong>spok\u00f3j i jasno\u015b\u0107<\/strong>, natomiast ciemne odcienie szaro\u015bci i br\u0105zu dodadz\u0105<strong> elegancji i nowoczesno\u015bci<\/strong>. Jak zatem widzisz, wyb\u00f3r<strong> koloru \u015bcian do sypialni<\/strong> uzale\u017cniony jest w du\u017cym stopniu od tego, w jakim klimacie chcesz urz\u0105dzi\u0107 swoje pomieszczenie.<\/p>    <\/div>\n<\/div>\n<!-- \/module text --><!-- module text -->\n<div  class=\"module module-text tb_hb3w202   \" data-lazy=\"1\">\n        <div  class=\"tb_text_wrap\">\n    <h3>Klasyczne kolory \u015bcian w sypialni \u2013 czy warto?<\/h3>\n<p>Klasyczne kolory, takie jak<strong> bia\u0142y, be\u017c<\/strong> czy <strong>szary<\/strong>, zawsze b\u0119d\u0105 modnym wyborem. Takie kolory \u0142atwo dopasowa\u0107 do r\u00f3\u017cnych styl\u00f3w i dodatk\u00f3w, dzi\u0119ki czemu<strong> \u0142atwiej b\u0119dzie zmienia\u0107 wystr\u00f3j sypialni w przysz\u0142o\u015bci<\/strong>. Klasyczne kolory nie musz\u0105 by\u0107 nudne \u2013 mo\u017cna doda\u0107 do nich ciekawe dodatki, takie jak poduszki, koce czy obrazy. Je\u015bli wi\u0119c nie jeste\u015b fanem eksperymentowania, \u015bmia\u0142o mo\u017cesz postawi\u0107 na klasyk\u0119 i wybra\u0107 wiecznie <strong>modne kolory \u015bcian do sypialni<\/strong>!<\/p>    <\/div>\n<\/div>\n<!-- \/module text --><!-- module text -->\n<div  class=\"module module-text tb_700g652   \" data-lazy=\"1\">\n        <div  class=\"tb_text_wrap\">\n    <h3>Jakie kolory dodatk\u00f3w pasuj\u0105 do modnych kolor\u00f3w \u015bcian w sypialni?<\/h3>\n<p>Dobieraj\u0105c dodatki do <strong>\u015bcian w sypialni w kolorze zieleni<\/strong>, warto wybiera\u0107 odcienie be\u017cu, bieli oraz dodatki z naturalnych materia\u0142\u00f3w, takich jak drewno czy rattan. <strong>Do r\u00f3\u017cu<\/strong> warto dobiera\u0107 dodatki w odcieniach szaro\u015bci, bieli oraz dodatki w kolorze z\u0142ota, kt\u00f3re dodadz\u0105 elegancji. <strong>Do bia\u0142ych \u015bcian<\/strong> pasowa\u0107 b\u0119d\u0105 dodatki w odcieniach pastelowych, a tak\u017ce dodatki z drewna czy metalu.<strong> Do szarych i br\u0105zowych \u015bcian<\/strong> idealnie sprawdz\u0105 si\u0119 dodatki w kolorze ko\u015bci s\u0142oniowej oraz dodatki z czarnym, metalicznym wyko\u0144czeniem.<\/p>    <\/div>\n<\/div>\n<!-- \/module text --><!-- module text -->\n<div  class=\"module module-text tb_on0k960   \" data-lazy=\"1\">\n        <div  class=\"tb_text_wrap\">\n    <h3>Jak wybra\u0107 idealny kolor do sypialni?<\/h3>\n<p>Wybieraj\u0105c<strong> kolor \u015bcian do sypialni<\/strong>, warto zwr\u00f3ci\u0107 uwag\u0119 na kilka wa\u017cnych czynnik\u00f3w. Po pierwsze, nale\u017cy <strong>okre\u015bli\u0107 styl, kt\u00f3ry chcemy uzyska\u0107 w sypialni<\/strong> \u2013 czy ma to by\u0107 miejsce romantyczne i przytulne, czy te\u017c nowoczesne i minimalistyczne. Po drugie, nale\u017cy <strong>uwzgl\u0119dni\u0107 o\u015bwietlenie pomieszczenia<\/strong> \u2013 jasne kolory sprawdz\u0105 si\u0119 lepiej w dobrze o\u015bwietlonych pomieszczeniach, natomiast ciemniejsze odcienie b\u0119d\u0105 bardziej odpowiednie do pomieszcze\u0144 s\u0142abo o\u015bwietlonych. Po trzecie, warto zwr\u00f3ci\u0107 uwag\u0119 na to, <strong>jakie meble i dodatki ju\u017c mamy w sypialni<\/strong> \u2013 kolory \u015bcian powinny dobrze komponowa\u0107 si\u0119 z istniej\u0105cymi elementami.<\/p>\n<p><br \/>Oczywi\u015bcie zawsze mo\u017cemy p\u00f3j\u015b\u0107 krok naprz\u00f3d i zmieni\u0107 nie tylko <strong>kolor \u015bcian w sypialni<\/strong>, ale r\u00f3wnie\u017c jej wyposa\u017cenie. Dzi\u0119ki temu od\u015bwie\u017cymy ca\u0142o\u015b\u0107 pomieszczenia i nadamy mu zupe\u0142nie nowego wymiaru. P\u00f3j\u015bcie w kierunku <strong>modnej sypialni<\/strong>, poprzez zmian\u0119 jej wygl\u0105du mo\u017ce sprawi\u0107, \u017ce poczujemy si\u0119 w niej jeszcze bardziej komfortowo, a nasz sen oraz odpoczynek stan\u0105 si\u0119 znacznie efektywniejsze.<\/p>    <\/div>\n<\/div>\n<!-- \/module text --><!-- module text -->\n<div  class=\"module module-text tb_ckkf800   \" data-lazy=\"1\">\n        <div  class=\"tb_text_wrap\">\n    <h3>Modna sypialnia 2025 \u2013 kolory \u015bcian i meble do sypialni<\/h3>\n<p>Podsumowuj\u0105c w kilku zdaniach ca\u0142o\u015b\u0107 naszego artyku\u0142u, musimy przyzna\u0107, \u017ce wyb\u00f3r <strong>koloru \u015bcian w sypialni<\/strong> to wa\u017cna decyzja, kt\u00f3ra wp\u0142ynie na nastr\u00f3j i wygl\u0105d ca\u0142ego pomieszczenia. W 2025 roku modne b\u0119d\u0105 zielone odcienie, r\u00f3\u017ce oraz ciemniejsze odcienie szaro\u015bci i br\u0105zu. Wa\u017cne jest jednak, aby <strong>dobiera\u0107 kolory zgodnie ze swoim stylem i preferencjami<\/strong>, a tak\u017ce uwzgl\u0119dni\u0107 o\u015bwietlenie i istniej\u0105ce elementy w sypialni. Dzi\u0119ki odpowiednio dobranym kolorom \u015bcian oraz dodatkom stworzysz <strong>pi\u0119kne i modnie wygl\u0105daj\u0105ce wn\u0119trze<\/strong>, w kt\u00f3rym b\u0119dziesz ch\u0119tnie odpoczywa\u0107 po ci\u0119\u017ckim dniu.<\/p>\n<p>Je\u015bli szukasz <a href=\"https:\/\/meblekukulka.pl\/54-sypialnia\">mebli do sypialni<\/a>, kt\u00f3re uzupe\u0142ni\u0105 Twoje wn\u0119trze, idealnie komponuj\u0105c si\u0119 przy tym z <strong>modnymi kolorami \u015bcian w sypialni<\/strong> \u2013 koniecznie sprawd\u017a ofert\u0119 sklepu Meble Kuku\u0142ka! Znajdziesz u nas zar\u00f3wno <a href=\"https:\/\/meblekukulka.pl\/67-lozka-sypialniane\">\u0142\u00f3\u017cka sypialniane<\/a> razem z wygodnymi <a href=\"https:\/\/meblekukulka.pl\/70-materace-do-lozka\">materacami do \u0142\u00f3\u017cka w sypialni<\/a>, jak i solidne, przestronne <a href=\"https:\/\/meblekukulka.pl\/69-szafy-do-sypialni\">szafy do sypialni<\/a>. Ponadto posiadamy te\u017c <a href=\"https:\/\/meblekukulka.pl\/64-komody-do-sypialni\">komody sypialniane<\/a>, a tak\u017ce <a href=\"https:\/\/meblekukulka.pl\/66-komplety-mebli-do-sypialni\">komplety mebli do sypialni<\/a>. Poznaj wszystkie nasze propozycje i zam\u00f3w ju\u017c dzi\u015b!<\/p>    <\/div>\n<\/div>\n<!-- \/module text -->\t        <\/div>\n\t    \t<\/div>\n\t\t    <\/div>\n\t    <!-- \/row_inner -->\n\t<\/div>\n\t<!-- \/module_row -->\n\t<\/div>\n<!--\/themify_builder_content-->","protected":false},"excerpt":{"rendered":"<p>Planujesz od\u015bwie\u017cy\u0107 swoj\u0105 sypialni\u0119? A mo\u017ce jeste\u015b na etapie wyko\u0144czeniowym i szukasz ciekawego pomys\u0142u na sw\u00f3j pok\u00f3j sypialniany? W takim razie zapraszamy do zapoznania si\u0119 z naszym artyku\u0142em, kt\u00f3ry z pewno\u015bci\u0105 Ci\u0119 zainteresuje \u2013 jaki kolor \u015bcian do sypialni b\u0119dzie modnym hitem w 2025 roku? Przedstawimy w nim najnowsze trendy oraz porady, jak odpowiednio dobiera\u0107 [&hellip;]<\/p>\n","protected":false},"author":8,"featured_media":1525,"comment_status":"open","ping_status":"closed","sticky":false,"template":"","format":"standard","meta":{"footnotes":""},"categories":[1,3],"tags":[],"class_list":["post-1511","post","type-post","status-publish","format-standard","has-post-thumbnail","hentry","category-inspiracje","category-porady","has-post-title","has-post-date","has-post-category","has-post-tag","has-post-comment","has-post-author",""],"yoast_head":"<!-- This site is optimized with the Yoast SEO plugin v23.1 - https:\/\/yoast.com\/wordpress\/plugins\/seo\/ -->\n<title>Jakie kolory \u015bcian do sypialni? Modna sypialnia 2025 | Blog Meble Kuku\u0142ka<\/title>\n<meta name=\"description\" content=\"Blog Meble Kuku\u0142ka - Jakie kolory \u015bcian do sypialni? Modna sypialnia 2025 - Porady i ciekawostki ze \u015bwiata wn\u0119trz i aran\u017cacji.\" \/>\n<meta name=\"robots\" content=\"index, follow, max-snippet:-1, max-image-preview:large, max-video-preview:-1\" \/>\n<link rel=\"canonical\" href=\"https:\/\/meblekukulka.pl\/blog\/jakie-kolory-scian-do-sypialni-modna-sypialnia\/\" \/>\n<meta property=\"og:locale\" content=\"pl_PL\" \/>\n<meta property=\"og:type\" content=\"article\" \/>\n<meta property=\"og:title\" content=\"Jakie kolory \u015bcian do sypialni? Modna sypialnia 2025 | Blog Meble Kuku\u0142ka\" \/>\n<meta property=\"og:description\" content=\"Blog Meble Kuku\u0142ka - Jakie kolory \u015bcian do sypialni? Modna sypialnia 2025 - Porady i ciekawostki ze \u015bwiata wn\u0119trz i aran\u017cacji.\" \/>\n<meta property=\"og:url\" content=\"https:\/\/meblekukulka.pl\/blog\/jakie-kolory-scian-do-sypialni-modna-sypialnia\/\" \/>\n<meta property=\"og:site_name\" content=\"Blog Meble Kuku\u0142ka\" \/>\n<meta property=\"article:publisher\" content=\"https:\/\/www.facebook.com\/meblekukulka\/\" \/>\n<meta property=\"article:published_time\" content=\"2023-04-28T09:32:45+00:00\" \/>\n<meta property=\"article:modified_time\" content=\"2025-03-31T08:40:17+00:00\" \/>\n<meta property=\"og:image\" content=\"https:\/\/meblekukulka.pl\/blog\/wp-content\/uploads\/2023\/04\/lifestyle-g079f292c0_1280.jpg\" \/>\n\t<meta property=\"og:image:width\" content=\"1280\" \/>\n\t<meta property=\"og:image:height\" content=\"648\" \/>\n\t<meta property=\"og:image:type\" content=\"image\/jpeg\" \/>\n<meta name=\"author\" content=\"Exel\" \/>\n<meta name=\"twitter:card\" content=\"summary_large_image\" \/>\n<meta name=\"twitter:label1\" content=\"Napisane przez\" \/>\n\t<meta name=\"twitter:data1\" content=\"Exel\" \/>\n\t<meta name=\"twitter:label2\" content=\"Szacowany czas czytania\" \/>\n\t<meta name=\"twitter:data2\" content=\"6 minut\" \/>\n<script type=\"application\/ld+json\" class=\"yoast-schema-graph\">{\"@context\":\"https:\/\/schema.org\",\"@graph\":[{\"@type\":\"WebPage\",\"@id\":\"https:\/\/meblekukulka.pl\/blog\/jakie-kolory-scian-do-sypialni-modna-sypialnia\/\",\"url\":\"https:\/\/meblekukulka.pl\/blog\/jakie-kolory-scian-do-sypialni-modna-sypialnia\/\",\"name\":\"Jakie kolory \u015bcian do sypialni? Modna sypialnia 2025 | Blog Meble Kuku\u0142ka\",\"isPartOf\":{\"@id\":\"https:\/\/meblekukulka.pl\/blog\/#website\"},\"primaryImageOfPage\":{\"@id\":\"https:\/\/meblekukulka.pl\/blog\/jakie-kolory-scian-do-sypialni-modna-sypialnia\/#primaryimage\"},\"image\":{\"@id\":\"https:\/\/meblekukulka.pl\/blog\/jakie-kolory-scian-do-sypialni-modna-sypialnia\/#primaryimage\"},\"thumbnailUrl\":\"https:\/\/meblekukulka.pl\/blog\/wp-content\/uploads\/2023\/04\/lifestyle-g079f292c0_1280.jpg\",\"datePublished\":\"2023-04-28T09:32:45+00:00\",\"dateModified\":\"2025-03-31T08:40:17+00:00\",\"author\":{\"@id\":\"https:\/\/meblekukulka.pl\/blog\/#\/schema\/person\/62b23b9e327365969e28ef6608042677\"},\"description\":\"Blog Meble Kuku\u0142ka - Jakie kolory \u015bcian do sypialni? Modna sypialnia 2025 - Porady i ciekawostki ze \u015bwiata wn\u0119trz i aran\u017cacji.\",\"breadcrumb\":{\"@id\":\"https:\/\/meblekukulka.pl\/blog\/jakie-kolory-scian-do-sypialni-modna-sypialnia\/#breadcrumb\"},\"inLanguage\":\"pl-PL\",\"potentialAction\":[{\"@type\":\"ReadAction\",\"target\":[\"https:\/\/meblekukulka.pl\/blog\/jakie-kolory-scian-do-sypialni-modna-sypialnia\/\"]}]},{\"@type\":\"ImageObject\",\"inLanguage\":\"pl-PL\",\"@id\":\"https:\/\/meblekukulka.pl\/blog\/jakie-kolory-scian-do-sypialni-modna-sypialnia\/#primaryimage\",\"url\":\"https:\/\/meblekukulka.pl\/blog\/wp-content\/uploads\/2023\/04\/lifestyle-g079f292c0_1280.jpg\",\"contentUrl\":\"https:\/\/meblekukulka.pl\/blog\/wp-content\/uploads\/2023\/04\/lifestyle-g079f292c0_1280.jpg\",\"width\":1280,\"height\":648},{\"@type\":\"BreadcrumbList\",\"@id\":\"https:\/\/meblekukulka.pl\/blog\/jakie-kolory-scian-do-sypialni-modna-sypialnia\/#breadcrumb\",\"itemListElement\":[{\"@type\":\"ListItem\",\"position\":1,\"name\":\"Strona g\u0142\u00f3wna\",\"item\":\"https:\/\/meblekukulka.pl\/blog\/\"},{\"@type\":\"ListItem\",\"position\":2,\"name\":\"Jakie kolory \u015bcian do sypialni? Modna sypialnia 2025\"}]},{\"@type\":\"WebSite\",\"@id\":\"https:\/\/meblekukulka.pl\/blog\/#website\",\"url\":\"https:\/\/meblekukulka.pl\/blog\/\",\"name\":\"Blog Meble Kuku\u0142ka\",\"description\":\"\",\"potentialAction\":[{\"@type\":\"SearchAction\",\"target\":{\"@type\":\"EntryPoint\",\"urlTemplate\":\"https:\/\/meblekukulka.pl\/blog\/?s={search_term_string}\"},\"query-input\":\"required name=search_term_string\"}],\"inLanguage\":\"pl-PL\"},{\"@type\":\"Person\",\"@id\":\"https:\/\/meblekukulka.pl\/blog\/#\/schema\/person\/62b23b9e327365969e28ef6608042677\",\"name\":\"Exel\"}]}<\/script>\n<!-- \/ Yoast SEO plugin. -->","yoast_head_json":{"title":"Jakie kolory \u015bcian do sypialni? Modna sypialnia 2025 | Blog Meble Kuku\u0142ka","description":"Blog Meble Kuku\u0142ka - Jakie kolory \u015bcian do sypialni? Modna sypialnia 2025 - Porady i ciekawostki ze \u015bwiata wn\u0119trz i aran\u017cacji.","robots":{"index":"index","follow":"follow","max-snippet":"max-snippet:-1","max-image-preview":"max-image-preview:large","max-video-preview":"max-video-preview:-1"},"canonical":"https:\/\/meblekukulka.pl\/blog\/jakie-kolory-scian-do-sypialni-modna-sypialnia\/","og_locale":"pl_PL","og_type":"article","og_title":"Jakie kolory \u015bcian do sypialni? Modna sypialnia 2025 | Blog Meble Kuku\u0142ka","og_description":"Blog Meble Kuku\u0142ka - Jakie kolory \u015bcian do sypialni? Modna sypialnia 2025 - Porady i ciekawostki ze \u015bwiata wn\u0119trz i aran\u017cacji.","og_url":"https:\/\/meblekukulka.pl\/blog\/jakie-kolory-scian-do-sypialni-modna-sypialnia\/","og_site_name":"Blog Meble Kuku\u0142ka","article_publisher":"https:\/\/www.facebook.com\/meblekukulka\/","article_published_time":"2023-04-28T09:32:45+00:00","article_modified_time":"2025-03-31T08:40:17+00:00","og_image":[{"width":1280,"height":648,"url":"https:\/\/meblekukulka.pl\/blog\/wp-content\/uploads\/2023\/04\/lifestyle-g079f292c0_1280.jpg","type":"image\/jpeg"}],"author":"Exel","twitter_card":"summary_large_image","twitter_misc":{"Napisane przez":"Exel","Szacowany czas czytania":"6 minut"},"schema":{"@context":"https:\/\/schema.org","@graph":[{"@type":"WebPage","@id":"https:\/\/meblekukulka.pl\/blog\/jakie-kolory-scian-do-sypialni-modna-sypialnia\/","url":"https:\/\/meblekukulka.pl\/blog\/jakie-kolory-scian-do-sypialni-modna-sypialnia\/","name":"Jakie kolory \u015bcian do sypialni? Modna sypialnia 2025 | Blog Meble Kuku\u0142ka","isPartOf":{"@id":"https:\/\/meblekukulka.pl\/blog\/#website"},"primaryImageOfPage":{"@id":"https:\/\/meblekukulka.pl\/blog\/jakie-kolory-scian-do-sypialni-modna-sypialnia\/#primaryimage"},"image":{"@id":"https:\/\/meblekukulka.pl\/blog\/jakie-kolory-scian-do-sypialni-modna-sypialnia\/#primaryimage"},"thumbnailUrl":"https:\/\/meblekukulka.pl\/blog\/wp-content\/uploads\/2023\/04\/lifestyle-g079f292c0_1280.jpg","datePublished":"2023-04-28T09:32:45+00:00","dateModified":"2025-03-31T08:40:17+00:00","author":{"@id":"https:\/\/meblekukulka.pl\/blog\/#\/schema\/person\/62b23b9e327365969e28ef6608042677"},"description":"Blog Meble Kuku\u0142ka - Jakie kolory \u015bcian do sypialni? Modna sypialnia 2025 - Porady i ciekawostki ze \u015bwiata wn\u0119trz i aran\u017cacji.","breadcrumb":{"@id":"https:\/\/meblekukulka.pl\/blog\/jakie-kolory-scian-do-sypialni-modna-sypialnia\/#breadcrumb"},"inLanguage":"pl-PL","potentialAction":[{"@type":"ReadAction","target":["https:\/\/meblekukulka.pl\/blog\/jakie-kolory-scian-do-sypialni-modna-sypialnia\/"]}]},{"@type":"ImageObject","inLanguage":"pl-PL","@id":"https:\/\/meblekukulka.pl\/blog\/jakie-kolory-scian-do-sypialni-modna-sypialnia\/#primaryimage","url":"https:\/\/meblekukulka.pl\/blog\/wp-content\/uploads\/2023\/04\/lifestyle-g079f292c0_1280.jpg","contentUrl":"https:\/\/meblekukulka.pl\/blog\/wp-content\/uploads\/2023\/04\/lifestyle-g079f292c0_1280.jpg","width":1280,"height":648},{"@type":"BreadcrumbList","@id":"https:\/\/meblekukulka.pl\/blog\/jakie-kolory-scian-do-sypialni-modna-sypialnia\/#breadcrumb","itemListElement":[{"@type":"ListItem","position":1,"name":"Strona g\u0142\u00f3wna","item":"https:\/\/meblekukulka.pl\/blog\/"},{"@type":"ListItem","position":2,"name":"Jakie kolory \u015bcian do sypialni? Modna sypialnia 2025"}]},{"@type":"WebSite","@id":"https:\/\/meblekukulka.pl\/blog\/#website","url":"https:\/\/meblekukulka.pl\/blog\/","name":"Blog Meble Kuku\u0142ka","description":"","potentialAction":[{"@type":"SearchAction","target":{"@type":"EntryPoint","urlTemplate":"https:\/\/meblekukulka.pl\/blog\/?s={search_term_string}"},"query-input":"required name=search_term_string"}],"inLanguage":"pl-PL"},{"@type":"Person","@id":"https:\/\/meblekukulka.pl\/blog\/#\/schema\/person\/62b23b9e327365969e28ef6608042677","name":"Exel"}]}},"builder_content":"<p>Planujesz od\u015bwie\u017cy\u0107 swoj\u0105 sypialni\u0119? A mo\u017ce jeste\u015b na etapie wyko\u0144czeniowym i szukasz ciekawego pomys\u0142u na sw\u00f3j pok\u00f3j sypialniany? W takim razie zapraszamy do zapoznania si\u0119 z naszym artyku\u0142em, kt\u00f3ry z pewno\u015bci\u0105 Ci\u0119 zainteresuje \u2013 <strong>jaki kolor \u015bcian do sypialni b\u0119dzie modnym hitem w 2025 roku<\/strong>? Przedstawimy w nim najnowsze trendy oraz porady, <strong>jak odpowiednio dobiera\u0107 kolory do sypialni<\/strong>, aby stworzy\u0107 wymarzone wn\u0119trze. Dowiedz si\u0119 wi\u0119cej ju\u017c dzi\u015b!<\/p>\n<h2>Sprawd\u017a najlepsze meble w naszym sklepie meblekukulka.pl<\/h2>\n<a href=\"https:\/\/meblekukulka.pl\/30-sofy-tapicerowane\" > <img loading=\"lazy\" decoding=\"async\" src=\"https:\/\/meblekukulka.pl\/blog\/wp-content\/uploads\/2023\/04\/living-room-g0135a726e_1280-1024x682-200x160.jpg\" width=\"200\" height=\"160\" title=\"Sofy\" alt=\"Sofy tapicerowane\"> <\/a> <h3> <a href=\"https:\/\/meblekukulka.pl\/30-sofy-tapicerowane\" > Sofy <\/a> <\/h3> \n <a href=\"https:\/\/meblekukulka.pl\/16-kanapy-tapicerowane\" > <img loading=\"lazy\" decoding=\"async\" src=\"https:\/\/meblekukulka.pl\/blog\/wp-content\/uploads\/2023\/04\/sofa-g6ef369d14_1280-1024x667-200x160.jpg\" width=\"200\" height=\"160\" title=\"Kanapy\" alt=\"Kanapy tapicerowane\"> <\/a> <h3> <a href=\"https:\/\/meblekukulka.pl\/16-kanapy-tapicerowane\" > Kanapy <\/a> <\/h3> \n <a href=\"https:\/\/meblekukulka.pl\/22-lozka-tapicerowane-i-drewniane\" > <img loading=\"lazy\" decoding=\"async\" src=\"https:\/\/meblekukulka.pl\/blog\/wp-content\/uploads\/2023\/04\/bedroom-g61dbb7d13_1280-3-1024x682-200x160.jpg\" width=\"200\" height=\"160\" title=\"\u0141\u00f3\u017cka\" alt=\"\u0141\u00f3\u017cka tapicerowane\"> <\/a> <h3> <a href=\"https:\/\/meblekukulka.pl\/22-lozka-tapicerowane-i-drewniane\" > \u0141\u00f3\u017cka <\/a> <\/h3> \n <a href=\"https:\/\/meblekukulka.pl\/12-fotele-tapicerowane\" > <img loading=\"lazy\" decoding=\"async\" src=\"https:\/\/meblekukulka.pl\/blog\/wp-content\/uploads\/2022\/01\/design-gaf2c29ee1_1920-820x1024-200x160.jpg\" width=\"200\" height=\"160\" title=\"Fotele\" alt=\"Fotele tapicerowane\"> <\/a> <h3> <a href=\"https:\/\/meblekukulka.pl\/12-fotele-tapicerowane\" > Fotele <\/a> <\/h3>\n<h2>Trendy kolory \u015bcian w sypialni w 2025 roku<\/h2> <p>W 2025 roku modne b\u0119d\u0105 zielone odcienie, takie jak <strong>butelkowa ziele\u0144<\/strong>,<strong> mi\u0119ta<\/strong> czy <strong>jasne khaki<\/strong>. R\u00f3\u017ce tak\u017ce znajd\u0105 swoje miejsce w <strong>modnych sypialniach<\/strong>, zar\u00f3wno <strong>blady r\u00f3\u017c, pudrowy r\u00f3\u017c<\/strong>, jak i bardziej intensywne odcienie, takie jak<strong> fuksja<\/strong> czy<strong> malinowy<\/strong>. Klasyczna <strong>biel<\/strong>, ale w matowym wyko\u0144czeniu, r\u00f3wnie\u017c b\u0119dzie modnym wyborem. Ciemne odcienie szaro\u015bci, takie jak <strong>antracyt<\/strong> czy <strong>grafit<\/strong>, a tak\u017ce <strong>ciep\u0142e br\u0105zy<\/strong>, idealnie sprawdz\u0105 si\u0119 w nowoczesnych aran\u017cacjach. Jak to ze sob\u0105 po\u0142\u0105czy\u0107, aby osi\u0105gn\u0105\u0107 wymarzony efekt modnej sypialni?<\/p>\n<h2>Jak dobiera\u0107 kolory do sypialni?<\/h2> <p>Dobieraj\u0105c <strong>kolory \u015bcian do sypialni<\/strong>, nale\u017cy przede wszystkim zastanowi\u0107 si\u0119, jaki nastr\u00f3j chcemy stworzy\u0107 w tym pomieszczeniu. Zielone odcienie z pewno\u015bci\u0105 pomog\u0105 nam <strong>zrelaksowa\u0107 si\u0119 i zyska\u0107 poczucie harmonii<\/strong>. R\u00f3\u017c to kolor <strong>romantyczny i kojarz\u0105cy si\u0119 z mi\u0142o\u015bci\u0105<\/strong>, kt\u00f3ry idealnie sprawdzi si\u0119 w sypialni dla pary. Biel to kolor, kt\u00f3ry wprowadza do wn\u0119trza <strong>spok\u00f3j i jasno\u015b\u0107<\/strong>, natomiast ciemne odcienie szaro\u015bci i br\u0105zu dodadz\u0105<strong> elegancji i nowoczesno\u015bci<\/strong>. Jak zatem widzisz, wyb\u00f3r<strong> koloru \u015bcian do sypialni<\/strong> uzale\u017cniony jest w du\u017cym stopniu od tego, w jakim klimacie chcesz urz\u0105dzi\u0107 swoje pomieszczenie.<\/p>\n<h3>Klasyczne kolory \u015bcian w sypialni \u2013 czy warto?<\/h3> <p>Klasyczne kolory, takie jak<strong> bia\u0142y, be\u017c<\/strong> czy <strong>szary<\/strong>, zawsze b\u0119d\u0105 modnym wyborem. Takie kolory \u0142atwo dopasowa\u0107 do r\u00f3\u017cnych styl\u00f3w i dodatk\u00f3w, dzi\u0119ki czemu<strong> \u0142atwiej b\u0119dzie zmienia\u0107 wystr\u00f3j sypialni w przysz\u0142o\u015bci<\/strong>. Klasyczne kolory nie musz\u0105 by\u0107 nudne \u2013 mo\u017cna doda\u0107 do nich ciekawe dodatki, takie jak poduszki, koce czy obrazy. Je\u015bli wi\u0119c nie jeste\u015b fanem eksperymentowania, \u015bmia\u0142o mo\u017cesz postawi\u0107 na klasyk\u0119 i wybra\u0107 wiecznie <strong>modne kolory \u015bcian do sypialni<\/strong>!<\/p>\n<h3>Jakie kolory dodatk\u00f3w pasuj\u0105 do modnych kolor\u00f3w \u015bcian w sypialni?<\/h3> <p>Dobieraj\u0105c dodatki do <strong>\u015bcian w sypialni w kolorze zieleni<\/strong>, warto wybiera\u0107 odcienie be\u017cu, bieli oraz dodatki z naturalnych materia\u0142\u00f3w, takich jak drewno czy rattan. <strong>Do r\u00f3\u017cu<\/strong> warto dobiera\u0107 dodatki w odcieniach szaro\u015bci, bieli oraz dodatki w kolorze z\u0142ota, kt\u00f3re dodadz\u0105 elegancji. <strong>Do bia\u0142ych \u015bcian<\/strong> pasowa\u0107 b\u0119d\u0105 dodatki w odcieniach pastelowych, a tak\u017ce dodatki z drewna czy metalu.<strong> Do szarych i br\u0105zowych \u015bcian<\/strong> idealnie sprawdz\u0105 si\u0119 dodatki w kolorze ko\u015bci s\u0142oniowej oraz dodatki z czarnym, metalicznym wyko\u0144czeniem.<\/p>\n<h3>Jak wybra\u0107 idealny kolor do sypialni?<\/h3> <p>Wybieraj\u0105c<strong> kolor \u015bcian do sypialni<\/strong>, warto zwr\u00f3ci\u0107 uwag\u0119 na kilka wa\u017cnych czynnik\u00f3w. Po pierwsze, nale\u017cy <strong>okre\u015bli\u0107 styl, kt\u00f3ry chcemy uzyska\u0107 w sypialni<\/strong> \u2013 czy ma to by\u0107 miejsce romantyczne i przytulne, czy te\u017c nowoczesne i minimalistyczne. Po drugie, nale\u017cy <strong>uwzgl\u0119dni\u0107 o\u015bwietlenie pomieszczenia<\/strong> \u2013 jasne kolory sprawdz\u0105 si\u0119 lepiej w dobrze o\u015bwietlonych pomieszczeniach, natomiast ciemniejsze odcienie b\u0119d\u0105 bardziej odpowiednie do pomieszcze\u0144 s\u0142abo o\u015bwietlonych. Po trzecie, warto zwr\u00f3ci\u0107 uwag\u0119 na to, <strong>jakie meble i dodatki ju\u017c mamy w sypialni<\/strong> \u2013 kolory \u015bcian powinny dobrze komponowa\u0107 si\u0119 z istniej\u0105cymi elementami.<\/p> <p><br \/>Oczywi\u015bcie zawsze mo\u017cemy p\u00f3j\u015b\u0107 krok naprz\u00f3d i zmieni\u0107 nie tylko <strong>kolor \u015bcian w sypialni<\/strong>, ale r\u00f3wnie\u017c jej wyposa\u017cenie. Dzi\u0119ki temu od\u015bwie\u017cymy ca\u0142o\u015b\u0107 pomieszczenia i nadamy mu zupe\u0142nie nowego wymiaru. P\u00f3j\u015bcie w kierunku <strong>modnej sypialni<\/strong>, poprzez zmian\u0119 jej wygl\u0105du mo\u017ce sprawi\u0107, \u017ce poczujemy si\u0119 w niej jeszcze bardziej komfortowo, a nasz sen oraz odpoczynek stan\u0105 si\u0119 znacznie efektywniejsze.<\/p>\n<h3>Modna sypialnia 2025 \u2013 kolory \u015bcian i meble do sypialni<\/h3> <p>Podsumowuj\u0105c w kilku zdaniach ca\u0142o\u015b\u0107 naszego artyku\u0142u, musimy przyzna\u0107, \u017ce wyb\u00f3r <strong>koloru \u015bcian w sypialni<\/strong> to wa\u017cna decyzja, kt\u00f3ra wp\u0142ynie na nastr\u00f3j i wygl\u0105d ca\u0142ego pomieszczenia. W 2025 roku modne b\u0119d\u0105 zielone odcienie, r\u00f3\u017ce oraz ciemniejsze odcienie szaro\u015bci i br\u0105zu. Wa\u017cne jest jednak, aby <strong>dobiera\u0107 kolory zgodnie ze swoim stylem i preferencjami<\/strong>, a tak\u017ce uwzgl\u0119dni\u0107 o\u015bwietlenie i istniej\u0105ce elementy w sypialni. Dzi\u0119ki odpowiednio dobranym kolorom \u015bcian oraz dodatkom stworzysz <strong>pi\u0119kne i modnie wygl\u0105daj\u0105ce wn\u0119trze<\/strong>, w kt\u00f3rym b\u0119dziesz ch\u0119tnie odpoczywa\u0107 po ci\u0119\u017ckim dniu.<\/p> <p>Je\u015bli szukasz <a href=\"https:\/\/meblekukulka.pl\/54-sypialnia\">mebli do sypialni<\/a>, kt\u00f3re uzupe\u0142ni\u0105 Twoje wn\u0119trze, idealnie komponuj\u0105c si\u0119 przy tym z <strong>modnymi kolorami \u015bcian w sypialni<\/strong> \u2013 koniecznie sprawd\u017a ofert\u0119 sklepu Meble Kuku\u0142ka! Znajdziesz u nas zar\u00f3wno <a href=\"https:\/\/meblekukulka.pl\/67-lozka-sypialniane\">\u0142\u00f3\u017cka sypialniane<\/a> razem z wygodnymi <a href=\"https:\/\/meblekukulka.pl\/70-materace-do-lozka\">materacami do \u0142\u00f3\u017cka w sypialni<\/a>, jak i solidne, przestronne <a href=\"https:\/\/meblekukulka.pl\/69-szafy-do-sypialni\">szafy do sypialni<\/a>. Ponadto posiadamy te\u017c <a href=\"https:\/\/meblekukulka.pl\/64-komody-do-sypialni\">komody sypialniane<\/a>, a tak\u017ce <a href=\"https:\/\/meblekukulka.pl\/66-komplety-mebli-do-sypialni\">komplety mebli do sypialni<\/a>. Poznaj wszystkie nasze propozycje i zam\u00f3w ju\u017c dzi\u015b!<\/p>","_links":{"self":[{"href":"https:\/\/meblekukulka.pl\/blog\/wp-json\/wp\/v2\/posts\/1511"}],"collection":[{"href":"https:\/\/meblekukulka.pl\/blog\/wp-json\/wp\/v2\/posts"}],"about":[{"href":"https:\/\/meblekukulka.pl\/blog\/wp-json\/wp\/v2\/types\/post"}],"author":[{"embeddable":true,"href":"https:\/\/meblekukulka.pl\/blog\/wp-json\/wp\/v2\/users\/8"}],"replies":[{"embeddable":true,"href":"https:\/\/meblekukulka.pl\/blog\/wp-json\/wp\/v2\/comments?post=1511"}],"version-history":[{"count":18,"href":"https:\/\/meblekukulka.pl\/blog\/wp-json\/wp\/v2\/posts\/1511\/revisions"}],"predecessor-version":[{"id":1963,"href":"https:\/\/meblekukulka.pl\/blog\/wp-json\/wp\/v2\/posts\/1511\/revisions\/1963"}],"wp:featuredmedia":[{"embeddable":true,"href":"https:\/\/meblekukulka.pl\/blog\/wp-json\/wp\/v2\/media\/1525"}],"wp:attachment":[{"href":"https:\/\/meblekukulka.pl\/blog\/wp-json\/wp\/v2\/media?parent=1511"}],"wp:term":[{"taxonomy":"category","embeddable":true,"href":"https:\/\/meblekukulka.pl\/blog\/wp-json\/wp\/v2\/categories?post=1511"},{"taxonomy":"post_tag","embeddable":true,"href":"https:\/\/meblekukulka.pl\/blog\/wp-json\/wp\/v2\/tags?post=1511"}],"curies":[{"name":"wp","href":"https:\/\/api.w.org\/{rel}","templated":true}]}}