{"id":1455,"date":"2023-03-26T19:36:23","date_gmt":"2023-03-26T19:36:23","guid":{"rendered":"https:\/\/www.meblekukulka.pl\/blog\/wnetrze-w-stylu-klasycznym-czym-sie-charakteryzuje-copy-copy\/"},"modified":"2025-01-07T09:23:08","modified_gmt":"2025-01-07T09:23:08","slug":"trendy-wnetrza-modne-meble-do-mieszkania-i-domu","status":"publish","type":"post","link":"https:\/\/meblekukulka.pl\/blog\/trendy-wnetrza-modne-meble-do-mieszkania-i-domu\/","title":{"rendered":"Trendy wn\u0119trza 2025: modne meble do mieszkania i domu"},"content":{"rendered":"<!--themify_builder_content-->\n<div id=\"themify_builder_content-1455\" data-postid=\"1455\" class=\"themify_builder_content themify_builder_content-1455 themify_builder tf_clear\">\n    \t<!-- module_row -->\n\t<div  data-lazy=\"1\" class=\"module_row themify_builder_row tb_rbun006 tb_first tf_clearfix\">\n\t    \t\t<div class=\"row_inner col_align_top col-count-1 tf_box tf_w tf_rel\">\n\t\t\t<div  data-lazy=\"1\" class=\"module_column tb-column col-full first tb_4l5q861 tf_box\">\n\t\t\t    \t        <div class=\"tb-column-inner tf_box tf_w\">\n\t\t    <!-- module text -->\n<div  class=\"module module-text tb_2sv2400   \" data-lazy=\"1\">\n        <div  class=\"tb_text_wrap\">\n    <p>Corocznie projektanci wn\u0119trz prezentuj\u0105 nowe trendy, kt\u00f3re okre\u015blaj\u0105 <strong>stylizacje i wystr\u00f3j wn\u0119trz<\/strong>. W 2025 roku ponownie dominowa\u0107 b\u0119d\u0105 nowe style, a meble stan\u0105 si\u0119 jednym z wa\u017cniejszych element\u00f3w. Dzi\u0119ki nim wn\u0119trza nabior\u0105 nowego, \u015bwie\u017cego charakteru. W dzisiejszym artykule przedstawimy <strong>najmodniejsze meble do mieszkania i domu<\/strong>, takie jak <strong>modne meble do salonu, kuchni, sypialni, oraz innych pomieszcze\u0144<\/strong>. Dzi\u0119ki tym inspiracjom, Twoje wn\u0119trze nabierze modnego wygl\u0105du, kt\u00f3ry zadowoli ka\u017cdego estet\u0119.<\/p>    <\/div>\n<\/div>\n<!-- \/module text --><!-- module template_part -->\n<div  class=\"module module-layout-part tb_7t2h964 \">\n    <div class=\"tb_layout_part_wrap tf_w\">\n<!--themify_builder_content-->\n    <div  class=\"themify_builder_content themify_builder_content-1291 themify_builder not_editable_builder in_the_loop\" data-postid=\"1291\">\n        \t<!-- module_row -->\n\t<div  data-lazy=\"1\" class=\"module_row themify_builder_row tb_7met93 tf_clearfix\">\n\t    \t\t<div class=\"row_inner col_align_top col-count-1 tf_box tf_w tf_rel\">\n\t\t\t<div  data-lazy=\"1\" class=\"module_column tb-column col-full first tb_hxqr94 tf_box\">\n\t\t\t    \t        <div class=\"tb-column-inner tf_box tf_w\">\n\t\t    <!-- module text -->\n<div  class=\"module module-text tb_2w0g783   \" data-lazy=\"1\">\n        <div  class=\"tb_text_wrap\">\n    <h2>Sprawd\u017a najlepsze meble w naszym sklepie meblekukulka.pl<\/h2>    <\/div>\n<\/div>\n<!-- \/module text -->\t        <\/div>\n\t    \t<\/div>\n\t\t    <\/div>\n\t    <!-- \/row_inner -->\n\t<\/div>\n\t<!-- \/module_row -->\n\t    <\/div>\n<!--\/themify_builder_content-->\n<\/div>\n<\/div>\n<!-- \/module template_part -->\n<!-- module template_part -->\n<div  class=\"module module-layout-part tb_q8i8409 \">\n    <div class=\"tb_layout_part_wrap tf_w\">\n<!--themify_builder_content-->\n    <div  class=\"themify_builder_content themify_builder_content-1289 themify_builder not_editable_builder in_the_loop\" data-postid=\"1289\">\n        \t<!-- module_row -->\n\t<div  data-lazy=\"1\" class=\"module_row themify_builder_row tb_mf43696 tf_clearfix\" >\n\t    \t\t<div class=\"row_inner col_align_top col-count-4 tf_box tf_w tf_rel\">\n\t\t\t<div  data-lazy=\"1\" class=\"module_column tb-column col4-1 first tb_g4bw696 repeat tf_box\">\n\t\t\t    \t        <div class=\"tb-column-inner tf_box tf_w\">\n\t\t    <!-- module image -->\n<div  class=\"module module-image tb_l0zr696   image-full-overlay auto_fullwidth tf_mw\" data-lazy=\"1\">\n        <div class=\"image-wrap tf_rel tf_mw\">\n\t\t    <a href=\"https:\/\/meblekukulka.pl\/30-sofy-tapicerowane\"\n\t       \t       >\n\t\t   \t\t<img loading=\"lazy\" decoding=\"async\" src=\"https:\/\/meblekukulka.pl\/blog\/wp-content\/uploads\/2023\/04\/living-room-g0135a726e_1280-1024x682-200x160.jpg\" width=\"200\" height=\"160\" class=\"wp-post-image wp-image-1529\" title=\"Sofy\" alt=\"Sofy tapicerowane\">\t    <\/a>\n\t\n\t\t<\/div>\n\t<!-- \/image-wrap -->\n    \n    \t<div class=\"image-content tf_overflow\">\n\t    \t\t\t<h3 class=\"image-title\">\n\t\t\t\t\t\t\t\t\t<a href=\"https:\/\/meblekukulka.pl\/30-sofy-tapicerowane\" \n\t\t\t\t\t   \t\t\t\t\t   >\n\t\t\t\t\t\t   Sofy\t\t\t\t\t<\/a>\n\t\t\t\t\t\t\t<\/h3>\n\t    \n\t    \t<\/div>\n\t<!-- \/image-content -->\n    \t<\/div>\n<!-- \/module image -->\t        <\/div>\n\t    \t<\/div>\n\t\t<div  data-lazy=\"1\" class=\"module_column tb-column col4-1 second tb_c6nh696 tf_box\">\n\t\t\t    \t        <div class=\"tb-column-inner tf_box tf_w\">\n\t\t    <!-- module image -->\n<div  class=\"module module-image tb_6d9l696   image-full-overlay auto_fullwidth tf_mw\" data-lazy=\"1\">\n        <div class=\"image-wrap tf_rel tf_mw\">\n\t\t    <a href=\"https:\/\/meblekukulka.pl\/16-kanapy-tapicerowane\"\n\t       \t       >\n\t\t   \t\t<img loading=\"lazy\" decoding=\"async\" src=\"https:\/\/meblekukulka.pl\/blog\/wp-content\/uploads\/2023\/04\/sofa-g6ef369d14_1280-1024x667-200x160.jpg\" width=\"200\" height=\"160\" class=\"wp-post-image wp-image-1532\" title=\"Kanapy\" alt=\"Kanapy tapicerowane\">\t    <\/a>\n\t\n\t\t<\/div>\n\t<!-- \/image-wrap -->\n    \n    \t<div class=\"image-content tf_overflow\">\n\t    \t\t\t<h3 class=\"image-title\">\n\t\t\t\t\t\t\t\t\t<a href=\"https:\/\/meblekukulka.pl\/16-kanapy-tapicerowane\" \n\t\t\t\t\t   \t\t\t\t\t   >\n\t\t\t\t\t\t   Kanapy\t\t\t\t\t<\/a>\n\t\t\t\t\t\t\t<\/h3>\n\t    \n\t    \t<\/div>\n\t<!-- \/image-content -->\n    \t<\/div>\n<!-- \/module image -->\t        <\/div>\n\t    \t<\/div>\n\t\t<div  data-lazy=\"1\" class=\"module_column tb-column col4-1 third tb_8l2f696 tf_box\">\n\t\t\t    \t        <div class=\"tb-column-inner tf_box tf_w\">\n\t\t    <!-- module image -->\n<div  class=\"module module-image tb_7vyr696   image-full-overlay auto_fullwidth tf_mw\" data-lazy=\"1\">\n        <div class=\"image-wrap tf_rel tf_mw\">\n\t\t    <a href=\"https:\/\/meblekukulka.pl\/22-lozka-tapicerowane-i-drewniane\"\n\t       \t       >\n\t\t   \t\t<img loading=\"lazy\" decoding=\"async\" src=\"https:\/\/meblekukulka.pl\/blog\/wp-content\/uploads\/2023\/04\/bedroom-g61dbb7d13_1280-3-1024x682-200x160.jpg\" width=\"200\" height=\"160\" class=\"wp-post-image wp-image-1528\" title=\"\u0141\u00f3\u017cka\" alt=\"\u0141\u00f3\u017cka tapicerowane\">\t    <\/a>\n\t\n\t\t<\/div>\n\t<!-- \/image-wrap -->\n    \n    \t<div class=\"image-content tf_overflow\">\n\t    \t\t\t<h3 class=\"image-title\">\n\t\t\t\t\t\t\t\t\t<a href=\"https:\/\/meblekukulka.pl\/22-lozka-tapicerowane-i-drewniane\" \n\t\t\t\t\t   \t\t\t\t\t   >\n\t\t\t\t\t\t   \u0141\u00f3\u017cka\t\t\t\t\t<\/a>\n\t\t\t\t\t\t\t<\/h3>\n\t    \n\t    \t<\/div>\n\t<!-- \/image-content -->\n    \t<\/div>\n<!-- \/module image -->\t        <\/div>\n\t    \t<\/div>\n\t\t<div  data-lazy=\"1\" class=\"module_column tb-column col4-1 last tb_9kxr696 repeat tf_box\">\n\t\t\t    \t        <div class=\"tb-column-inner tf_box tf_w\">\n\t\t    <!-- module image -->\n<div  class=\"module module-image tb_ase2696   image-full-overlay auto_fullwidth tf_mw\" data-lazy=\"1\">\n        <div class=\"image-wrap tf_rel tf_mw\">\n\t\t    <a href=\"https:\/\/meblekukulka.pl\/12-fotele-tapicerowane\"\n\t       \t       >\n\t\t   \t\t<img loading=\"lazy\" decoding=\"async\" src=\"https:\/\/meblekukulka.pl\/blog\/wp-content\/uploads\/2022\/01\/design-gaf2c29ee1_1920-820x1024-200x160.jpg\" width=\"200\" height=\"160\" class=\"wp-post-image wp-image-1089\" title=\"Fotele\" alt=\"Fotele tapicerowane\">\t    <\/a>\n\t\n\t\t<\/div>\n\t<!-- \/image-wrap -->\n    \n    \t<div class=\"image-content tf_overflow\">\n\t    \t\t\t<h3 class=\"image-title\">\n\t\t\t\t\t\t\t\t\t<a href=\"https:\/\/meblekukulka.pl\/12-fotele-tapicerowane\" \n\t\t\t\t\t   \t\t\t\t\t   >\n\t\t\t\t\t\t   Fotele\t\t\t\t\t<\/a>\n\t\t\t\t\t\t\t<\/h3>\n\t    \n\t    \t<\/div>\n\t<!-- \/image-content -->\n    \t<\/div>\n<!-- \/module image -->\t        <\/div>\n\t    \t<\/div>\n\t\t    <\/div>\n\t    <!-- \/row_inner -->\n\t<\/div>\n\t<!-- \/module_row -->\n\t    <\/div>\n<!--\/themify_builder_content-->\n<\/div>\n<\/div>\n<!-- \/module template_part -->\n<!-- module text -->\n<div  class=\"module module-text tb_307x404   \" data-lazy=\"1\">\n        <div  class=\"tb_text_wrap\">\n    <h2>Modne meble do salonu<\/h2>\n<p>Salon to miejsce, w kt\u00f3rym sp\u0119dzamy wi\u0119kszo\u015b\u0107 wolnego czasu, dlatego wa\u017cne jest, aby by\u0142 on wygodny i stylowy. W 2024 roku modne b\u0119d\u0105 <strong>meble drewniane<\/strong> w naturalnych kolorach, kt\u00f3re b\u0119d\u0105 <strong>\u0142\u0105czy\u0142y si\u0119 z pastelowymi kolorami \u015bcian i dodatkami<\/strong>. Du\u017c\u0105 popularno\u015bci\u0105 cieszy\u0107 si\u0119 b\u0119d\u0105 r\u00f3wnie\u017c <a href=\"https:\/\/meblekukulka.pl\/30-sofy-tapicerowane\">sofy tapicerowane<\/a>, z mi\u0119kkimi poduszkami i oparciem, kt\u00f3re zapewni\u0105 wygod\u0119 podczas ogl\u0105dania ulubionego filmu. Do salonu warto te\u017c dokupi\u0107 oryginalne lampy sto\u0142owe, kt\u00f3re b\u0119d\u0105 pe\u0142ni\u0107 funkcj\u0119 dekoracyjn\u0105, a jednocze\u015bnie o\u015bwietl\u0105 pomieszczenie.<\/p>    <\/div>\n<\/div>\n<!-- \/module text --><!-- module text -->\n<div  class=\"module module-text tb_jtvb480   \" data-lazy=\"1\">\n        <div  class=\"tb_text_wrap\">\n    <h2>Modne meble kuchenne<\/h2>\n<p>Kuchnia to miejsce, w kt\u00f3rym przygotowujemy posi\u0142ki, ale tak\u017ce miejsce, w kt\u00f3rym sp\u0119dzamy czas z rodzin\u0105 i przyjaci\u00f3\u0142mi. <strong>Modne meble kuchenne w 2024 roku<\/strong> b\u0119d\u0105 \u0142\u0105czy\u0107 funkcjonalno\u015b\u0107 ze stylowym wygl\u0105dem. W <strong>kuchni dominowa\u0107 b\u0119d\u0105 jasne, pastelowe kolory<\/strong>, kt\u00f3re b\u0119d\u0105 dobrze wsp\u00f3\u0142gra\u0107 z <strong>drewnianymi blatami<\/strong>. Oryginalnym dodatkiem do kuchni b\u0119d\u0105 wyspy kuchenne, kt\u00f3re b\u0119d\u0105 pe\u0142ni\u0107 funkcj\u0119 sto\u0142u jadalnego, jak r\u00f3wnie\u017c miejsca do przygotowywania posi\u0142k\u00f3w.<\/p>    <\/div>\n<\/div>\n<!-- \/module text --><!-- module text -->\n<div  class=\"module module-text tb_ddya718   \" data-lazy=\"1\">\n        <div  class=\"tb_text_wrap\">\n    <h3>Modne meble do pokoju<\/h3>\n<p>Pok\u00f3j dzienny to miejsce, <strong>w kt\u00f3rym wypoczywamy i regenerujemy si\u0142y po ci\u0119\u017ckim dniu. W 2024 roku modne b\u0119d\u0105 meble w jasnych kolorach<\/strong>, takie jak biel, szaro\u015b\u0107 czy pastelowe odcienie, kt\u00f3re zyskaj\u0105 na elegancji dzi\u0119ki dodatkom z naturalnego drewna. <strong>Modne meble do pokoju<\/strong> b\u0119d\u0105 \u0142\u0105czy\u0142y oryginalny design oraz praktyczno\u015b\u0107. Du\u017c\u0105 popularno\u015bci\u0105 b\u0119d\u0105 cieszy\u0107 si\u0119 <a href=\"https:\/\/meblekukulka.pl\/40-lozka-tapicerowane\">\u0142\u00f3\u017cka tapicerowane<\/a>. Warto si\u0119gn\u0105\u0107 te\u017c po oryginalne lampy sto\u0142owe, kt\u00f3re wprowadz\u0105 do pokoju ciep\u0142e i przytulne \u015bwiat\u0142o.<\/p>    <\/div>\n<\/div>\n<!-- \/module text --><!-- module text -->\n<div  class=\"module module-text tb_8bjp481   \" data-lazy=\"1\">\n        <div  class=\"tb_text_wrap\">\n    <h3>Modne meble do sypialni<\/h3>\n<p>Sypialnia to miejsce, w kt\u00f3rym sp\u0119dzamy du\u017co czasu i odpoczywamy, dlatego wa\u017cne jest, aby by\u0142a ona wygodna i przytulna. <strong>Modne meble do sypialni w 2024 roku<\/strong> b\u0119d\u0105 po\u0142\u0105czeniem mi\u0119dzy funkcjonalno\u015bci\u0105, wygod\u0105, a stylowym wygl\u0105dem. Do <strong>modnych mebli do sypialni<\/strong> nale\u017c\u0105 mi\u0119dzy innymi<strong> \u0142\u00f3\u017cka tapicerowane<\/strong> w jasnych kolorach, z oryginalnymi, geometrycznymi wzorami. W sypialni dobrze sprawdz\u0105 si\u0119 te\u017c <a href=\"https:\/\/meblekukulka.pl\/48-szafy-przesuwne\">szafy z przesuwnymi drzwiami<\/a>, kt\u00f3re pozwol\u0105 na zaoszcz\u0119dzenie miejsca. <strong>Modne meble do sypialni<\/strong> b\u0119d\u0105 stanowi\u0142y idealne <strong>po\u0142\u0105czenie nowoczesno\u015bci i elegancji<\/strong>, co pozwoli na stworzenie wspania\u0142ego wn\u0119trza do wypoczynku.<\/p>    <\/div>\n<\/div>\n<!-- \/module text --><!-- module text -->\n<div  class=\"module module-text tb_bho7520   \" data-lazy=\"1\">\n        <div  class=\"tb_text_wrap\">\n    <h3>Modne meble m\u0142odzie\u017cowe<\/h3>\n<p><strong>M\u0142odzie\u017cowe pokoje<\/strong> to miejsca, kt\u00f3re powinny charakteryzowa\u0107 si\u0119 oryginalnym i nowoczesnym wygl\u0105dem. W <strong>2024 roku modne meble m\u0142odzie\u017cowe<\/strong> maj\u0105 stawia\u0107 przede wszystkim na odpowiedni komfort u\u017cytkowania, a do tego odznacza\u0107 si\u0119 nieprzeci\u0119tnym designem. Do<strong> m\u0142odzie\u017cowych pokoj\u00f3w<\/strong> b\u0119d\u0105 pasowa\u0107 <strong>meble<\/strong> w jasnych kolorach, z dodatkiem \u017cywych, kolorowych element\u00f3w, takich jak poduszki, pledy czy dywany. <a href=\"https:\/\/meblekukulka.pl\/61-pokoj-mlodziezowy\">Modne meble m\u0142odzie\u017cowe<\/a> to przede wszystkim meble modu\u0142owe, kt\u00f3re mo\u017cna dowolnie konfigurowa\u0107 i zmienia\u0107 aran\u017cacj\u0119 pokoju w zale\u017cno\u015bci od potrzeb.<\/p>    <\/div>\n<\/div>\n<!-- \/module text --><!-- module text -->\n<div  class=\"module module-text tb_hk5j954   \" data-lazy=\"1\">\n        <div  class=\"tb_text_wrap\">\n    <h3>Modne meble do pozosta\u0142ych pomieszcze\u0144<\/h3>\n<p>Do pozosta\u0142ych pokoj\u00f3w w domu, takich jak jadalnia, gabinet czy pomieszczenia gospodarcze, r\u00f3wnie\u017c warto dobiera\u0107 modne meble. Do jadalni pasowa\u0107 b\u0119d\u0105<strong> sto\u0142y z drewna naturalnego<\/strong>, kt\u00f3re b\u0119d\u0105 dobrze wsp\u00f3\u0142gra\u0107 z krzes\u0142ami w geometryczne wzory. Do gabinet\u00f3w warto wybra\u0107 oryginalne i solidne biurka oraz designerskie lampy sto\u0142owe. W pomieszczeniach gospodarczych przydadz\u0105 si\u0119 natomiast rega\u0142y modu\u0142owe, kt\u00f3re pozwol\u0105 na skuteczne zagospodarowanie przestrzeni.<\/p>    <\/div>\n<\/div>\n<!-- \/module text --><!-- module text -->\n<div  class=\"module module-text tb_wvy7291   \" data-lazy=\"1\">\n        <div  class=\"tb_text_wrap\">\n    <h3>Trendy 2025 wn\u0119trza \u2013 W ofercie naszego internetowego sklepu z meblami Meble Kuku\u0142ka<\/h3>\n<p>przygotowali\u015bmy doskona\u0142\u0105 ofert\u0119 <strong>modnych mebli 2025<\/strong>. Dzi\u0119ki temu masz mo\u017cliwo\u015b\u0107 wyposa\u017cenia si\u0119 u nas w najwy\u017cszej jako\u015bci produkty, kt\u00f3re idealne wkomponuj\u0105 si\u0119 w aktualnie panuj\u0105ce <strong>trendy wn\u0119trzarskie<\/strong>. Sprawd\u017a pe\u0142n\u0105 ofert\u0119 <a href=\"https:\/\/meblekukulka.pl\/55-salon\">mebli do salonu<\/a>, mebli jadalnianych, a tak\u017ce <a href=\"https:\/\/meblekukulka.pl\/54-sypialnia\">mebli do sypialni<\/a>, <a href=\"https:\/\/meblekukulka.pl\/57-pokoj-dzienny\">mebli do pokoju dziennego<\/a> oraz mebli kuchennych i stw\u00f3rz pi\u0119kne, praktyczne i wygodne wn\u0119trze!<\/p>    <\/div>\n<\/div>\n<!-- \/module text -->\t        <\/div>\n\t    \t<\/div>\n\t\t    <\/div>\n\t    <!-- \/row_inner -->\n\t<\/div>\n\t<!-- \/module_row -->\n\t<\/div>\n<!--\/themify_builder_content-->\n","protected":false},"excerpt":{"rendered":"<p>Corocznie projektanci wn\u0119trz prezentuj\u0105 nowe trendy, kt\u00f3re okre\u015blaj\u0105 stylizacje i wystr\u00f3j wn\u0119trz. W 2025 roku ponownie dominowa\u0107 b\u0119d\u0105 nowe style, a meble stan\u0105 si\u0119 jednym z wa\u017cniejszych element\u00f3w. Dzi\u0119ki nim wn\u0119trza nabior\u0105 nowego, \u015bwie\u017cego charakteru. W dzisiejszym artykule przedstawimy najmodniejsze meble do mieszkania i domu, takie jak modne meble do salonu, kuchni, sypialni, oraz innych [&hellip;]<\/p>\n","protected":false},"author":8,"featured_media":1464,"comment_status":"open","ping_status":"closed","sticky":false,"template":"","format":"standard","meta":{"footnotes":""},"categories":[1,3],"tags":[],"class_list":["post-1455","post","type-post","status-publish","format-standard","has-post-thumbnail","hentry","category-inspiracje","category-porady","has-post-title","has-post-date","has-post-category","has-post-tag","has-post-comment","has-post-author",""],"yoast_head":"<!-- This site is optimized with the Yoast SEO plugin v23.1 - https:\/\/yoast.com\/wordpress\/plugins\/seo\/ -->\n<title>Trendy wn\u0119trza 2025: modne meble do mieszkania i domu | Blog Meble Kuku\u0142ka<\/title>\n<meta name=\"description\" content=\"Blog Meble Kuku\u0142ka - Trendy wn\u0119trza 2025: modne meble do mieszkania i domu - Porady i ciekawostki ze \u015bwiata wn\u0119trz i aran\u017cacji.\" \/>\n<meta name=\"robots\" content=\"index, follow, max-snippet:-1, max-image-preview:large, max-video-preview:-1\" \/>\n<link rel=\"canonical\" href=\"https:\/\/meblekukulka.pl\/blog\/trendy-wnetrza-modne-meble-do-mieszkania-i-domu\/\" \/>\n<meta property=\"og:locale\" content=\"pl_PL\" \/>\n<meta property=\"og:type\" content=\"article\" \/>\n<meta property=\"og:title\" content=\"Trendy wn\u0119trza 2025: modne meble do mieszkania i domu | Blog Meble Kuku\u0142ka\" \/>\n<meta property=\"og:description\" content=\"Blog Meble Kuku\u0142ka - Trendy wn\u0119trza 2025: modne meble do mieszkania i domu - Porady i ciekawostki ze \u015bwiata wn\u0119trz i aran\u017cacji.\" \/>\n<meta property=\"og:url\" content=\"https:\/\/meblekukulka.pl\/blog\/trendy-wnetrza-modne-meble-do-mieszkania-i-domu\/\" \/>\n<meta property=\"og:site_name\" content=\"Blog Meble Kuku\u0142ka\" \/>\n<meta property=\"article:publisher\" content=\"https:\/\/www.facebook.com\/meblekukulka\/\" \/>\n<meta property=\"article:published_time\" content=\"2023-03-26T19:36:23+00:00\" \/>\n<meta property=\"article:modified_time\" content=\"2025-01-07T09:23:08+00:00\" \/>\n<meta property=\"og:image\" content=\"https:\/\/meblekukulka.pl\/blog\/wp-content\/uploads\/2023\/03\/living-room-g938ff0be5_1280.jpg\" \/>\n\t<meta property=\"og:image:width\" content=\"1280\" \/>\n\t<meta property=\"og:image:height\" content=\"822\" \/>\n\t<meta property=\"og:image:type\" content=\"image\/jpeg\" \/>\n<meta name=\"author\" content=\"Exel\" \/>\n<meta name=\"twitter:card\" content=\"summary_large_image\" \/>\n<meta name=\"twitter:label1\" content=\"Napisane przez\" \/>\n\t<meta name=\"twitter:data1\" content=\"Exel\" \/>\n\t<meta name=\"twitter:label2\" content=\"Szacowany czas czytania\" \/>\n\t<meta name=\"twitter:data2\" content=\"5 minut\" \/>\n<script type=\"application\/ld+json\" class=\"yoast-schema-graph\">{\"@context\":\"https:\/\/schema.org\",\"@graph\":[{\"@type\":\"WebPage\",\"@id\":\"https:\/\/meblekukulka.pl\/blog\/trendy-wnetrza-modne-meble-do-mieszkania-i-domu\/\",\"url\":\"https:\/\/meblekukulka.pl\/blog\/trendy-wnetrza-modne-meble-do-mieszkania-i-domu\/\",\"name\":\"Trendy wn\u0119trza 2025: modne meble do mieszkania i domu | Blog Meble Kuku\u0142ka\",\"isPartOf\":{\"@id\":\"https:\/\/meblekukulka.pl\/blog\/#website\"},\"primaryImageOfPage\":{\"@id\":\"https:\/\/meblekukulka.pl\/blog\/trendy-wnetrza-modne-meble-do-mieszkania-i-domu\/#primaryimage\"},\"image\":{\"@id\":\"https:\/\/meblekukulka.pl\/blog\/trendy-wnetrza-modne-meble-do-mieszkania-i-domu\/#primaryimage\"},\"thumbnailUrl\":\"https:\/\/meblekukulka.pl\/blog\/wp-content\/uploads\/2023\/03\/living-room-g938ff0be5_1280.jpg\",\"datePublished\":\"2023-03-26T19:36:23+00:00\",\"dateModified\":\"2025-01-07T09:23:08+00:00\",\"author\":{\"@id\":\"https:\/\/meblekukulka.pl\/blog\/#\/schema\/person\/62b23b9e327365969e28ef6608042677\"},\"description\":\"Blog Meble Kuku\u0142ka - Trendy wn\u0119trza 2025: modne meble do mieszkania i domu - Porady i ciekawostki ze \u015bwiata wn\u0119trz i aran\u017cacji.\",\"breadcrumb\":{\"@id\":\"https:\/\/meblekukulka.pl\/blog\/trendy-wnetrza-modne-meble-do-mieszkania-i-domu\/#breadcrumb\"},\"inLanguage\":\"pl-PL\",\"potentialAction\":[{\"@type\":\"ReadAction\",\"target\":[\"https:\/\/meblekukulka.pl\/blog\/trendy-wnetrza-modne-meble-do-mieszkania-i-domu\/\"]}]},{\"@type\":\"ImageObject\",\"inLanguage\":\"pl-PL\",\"@id\":\"https:\/\/meblekukulka.pl\/blog\/trendy-wnetrza-modne-meble-do-mieszkania-i-domu\/#primaryimage\",\"url\":\"https:\/\/meblekukulka.pl\/blog\/wp-content\/uploads\/2023\/03\/living-room-g938ff0be5_1280.jpg\",\"contentUrl\":\"https:\/\/meblekukulka.pl\/blog\/wp-content\/uploads\/2023\/03\/living-room-g938ff0be5_1280.jpg\",\"width\":1280,\"height\":822},{\"@type\":\"BreadcrumbList\",\"@id\":\"https:\/\/meblekukulka.pl\/blog\/trendy-wnetrza-modne-meble-do-mieszkania-i-domu\/#breadcrumb\",\"itemListElement\":[{\"@type\":\"ListItem\",\"position\":1,\"name\":\"Strona g\u0142\u00f3wna\",\"item\":\"https:\/\/meblekukulka.pl\/blog\/\"},{\"@type\":\"ListItem\",\"position\":2,\"name\":\"Trendy wn\u0119trza 2025: modne meble do mieszkania i domu\"}]},{\"@type\":\"WebSite\",\"@id\":\"https:\/\/meblekukulka.pl\/blog\/#website\",\"url\":\"https:\/\/meblekukulka.pl\/blog\/\",\"name\":\"Blog Meble Kuku\u0142ka\",\"description\":\"\",\"potentialAction\":[{\"@type\":\"SearchAction\",\"target\":{\"@type\":\"EntryPoint\",\"urlTemplate\":\"https:\/\/meblekukulka.pl\/blog\/?s={search_term_string}\"},\"query-input\":\"required name=search_term_string\"}],\"inLanguage\":\"pl-PL\"},{\"@type\":\"Person\",\"@id\":\"https:\/\/meblekukulka.pl\/blog\/#\/schema\/person\/62b23b9e327365969e28ef6608042677\",\"name\":\"Exel\"}]}<\/script>\n<!-- \/ Yoast SEO plugin. -->","yoast_head_json":{"title":"Trendy wn\u0119trza 2025: modne meble do mieszkania i domu | Blog Meble Kuku\u0142ka","description":"Blog Meble Kuku\u0142ka - Trendy wn\u0119trza 2025: modne meble do mieszkania i domu - Porady i ciekawostki ze \u015bwiata wn\u0119trz i aran\u017cacji.","robots":{"index":"index","follow":"follow","max-snippet":"max-snippet:-1","max-image-preview":"max-image-preview:large","max-video-preview":"max-video-preview:-1"},"canonical":"https:\/\/meblekukulka.pl\/blog\/trendy-wnetrza-modne-meble-do-mieszkania-i-domu\/","og_locale":"pl_PL","og_type":"article","og_title":"Trendy wn\u0119trza 2025: modne meble do mieszkania i domu | Blog Meble Kuku\u0142ka","og_description":"Blog Meble Kuku\u0142ka - Trendy wn\u0119trza 2025: modne meble do mieszkania i domu - Porady i ciekawostki ze \u015bwiata wn\u0119trz i aran\u017cacji.","og_url":"https:\/\/meblekukulka.pl\/blog\/trendy-wnetrza-modne-meble-do-mieszkania-i-domu\/","og_site_name":"Blog Meble Kuku\u0142ka","article_publisher":"https:\/\/www.facebook.com\/meblekukulka\/","article_published_time":"2023-03-26T19:36:23+00:00","article_modified_time":"2025-01-07T09:23:08+00:00","og_image":[{"width":1280,"height":822,"url":"https:\/\/meblekukulka.pl\/blog\/wp-content\/uploads\/2023\/03\/living-room-g938ff0be5_1280.jpg","type":"image\/jpeg"}],"author":"Exel","twitter_card":"summary_large_image","twitter_misc":{"Napisane przez":"Exel","Szacowany czas czytania":"5 minut"},"schema":{"@context":"https:\/\/schema.org","@graph":[{"@type":"WebPage","@id":"https:\/\/meblekukulka.pl\/blog\/trendy-wnetrza-modne-meble-do-mieszkania-i-domu\/","url":"https:\/\/meblekukulka.pl\/blog\/trendy-wnetrza-modne-meble-do-mieszkania-i-domu\/","name":"Trendy wn\u0119trza 2025: modne meble do mieszkania i domu | Blog Meble Kuku\u0142ka","isPartOf":{"@id":"https:\/\/meblekukulka.pl\/blog\/#website"},"primaryImageOfPage":{"@id":"https:\/\/meblekukulka.pl\/blog\/trendy-wnetrza-modne-meble-do-mieszkania-i-domu\/#primaryimage"},"image":{"@id":"https:\/\/meblekukulka.pl\/blog\/trendy-wnetrza-modne-meble-do-mieszkania-i-domu\/#primaryimage"},"thumbnailUrl":"https:\/\/meblekukulka.pl\/blog\/wp-content\/uploads\/2023\/03\/living-room-g938ff0be5_1280.jpg","datePublished":"2023-03-26T19:36:23+00:00","dateModified":"2025-01-07T09:23:08+00:00","author":{"@id":"https:\/\/meblekukulka.pl\/blog\/#\/schema\/person\/62b23b9e327365969e28ef6608042677"},"description":"Blog Meble Kuku\u0142ka - Trendy wn\u0119trza 2025: modne meble do mieszkania i domu - Porady i ciekawostki ze \u015bwiata wn\u0119trz i aran\u017cacji.","breadcrumb":{"@id":"https:\/\/meblekukulka.pl\/blog\/trendy-wnetrza-modne-meble-do-mieszkania-i-domu\/#breadcrumb"},"inLanguage":"pl-PL","potentialAction":[{"@type":"ReadAction","target":["https:\/\/meblekukulka.pl\/blog\/trendy-wnetrza-modne-meble-do-mieszkania-i-domu\/"]}]},{"@type":"ImageObject","inLanguage":"pl-PL","@id":"https:\/\/meblekukulka.pl\/blog\/trendy-wnetrza-modne-meble-do-mieszkania-i-domu\/#primaryimage","url":"https:\/\/meblekukulka.pl\/blog\/wp-content\/uploads\/2023\/03\/living-room-g938ff0be5_1280.jpg","contentUrl":"https:\/\/meblekukulka.pl\/blog\/wp-content\/uploads\/2023\/03\/living-room-g938ff0be5_1280.jpg","width":1280,"height":822},{"@type":"BreadcrumbList","@id":"https:\/\/meblekukulka.pl\/blog\/trendy-wnetrza-modne-meble-do-mieszkania-i-domu\/#breadcrumb","itemListElement":[{"@type":"ListItem","position":1,"name":"Strona g\u0142\u00f3wna","item":"https:\/\/meblekukulka.pl\/blog\/"},{"@type":"ListItem","position":2,"name":"Trendy wn\u0119trza 2025: modne meble do mieszkania i domu"}]},{"@type":"WebSite","@id":"https:\/\/meblekukulka.pl\/blog\/#website","url":"https:\/\/meblekukulka.pl\/blog\/","name":"Blog Meble Kuku\u0142ka","description":"","potentialAction":[{"@type":"SearchAction","target":{"@type":"EntryPoint","urlTemplate":"https:\/\/meblekukulka.pl\/blog\/?s={search_term_string}"},"query-input":"required name=search_term_string"}],"inLanguage":"pl-PL"},{"@type":"Person","@id":"https:\/\/meblekukulka.pl\/blog\/#\/schema\/person\/62b23b9e327365969e28ef6608042677","name":"Exel"}]}},"builder_content":"<p>Corocznie projektanci wn\u0119trz prezentuj\u0105 nowe trendy, kt\u00f3re okre\u015blaj\u0105 <strong>stylizacje i wystr\u00f3j wn\u0119trz<\/strong>. W 2025 roku ponownie dominowa\u0107 b\u0119d\u0105 nowe style, a meble stan\u0105 si\u0119 jednym z wa\u017cniejszych element\u00f3w. Dzi\u0119ki nim wn\u0119trza nabior\u0105 nowego, \u015bwie\u017cego charakteru. W dzisiejszym artykule przedstawimy <strong>najmodniejsze meble do mieszkania i domu<\/strong>, takie jak <strong>modne meble do salonu, kuchni, sypialni, oraz innych pomieszcze\u0144<\/strong>. Dzi\u0119ki tym inspiracjom, Twoje wn\u0119trze nabierze modnego wygl\u0105du, kt\u00f3ry zadowoli ka\u017cdego estet\u0119.<\/p>\n<h2>Sprawd\u017a najlepsze meble w naszym sklepie meblekukulka.pl<\/h2>\n<a href=\"https:\/\/meblekukulka.pl\/30-sofy-tapicerowane\" > <img loading=\"lazy\" decoding=\"async\" src=\"https:\/\/meblekukulka.pl\/blog\/wp-content\/uploads\/2023\/04\/living-room-g0135a726e_1280-1024x682-200x160.jpg\" width=\"200\" height=\"160\" title=\"Sofy\" alt=\"Sofy tapicerowane\"> <\/a> <h3> <a href=\"https:\/\/meblekukulka.pl\/30-sofy-tapicerowane\" > Sofy <\/a> <\/h3> \n <a href=\"https:\/\/meblekukulka.pl\/16-kanapy-tapicerowane\" > <img loading=\"lazy\" decoding=\"async\" src=\"https:\/\/meblekukulka.pl\/blog\/wp-content\/uploads\/2023\/04\/sofa-g6ef369d14_1280-1024x667-200x160.jpg\" width=\"200\" height=\"160\" title=\"Kanapy\" alt=\"Kanapy tapicerowane\"> <\/a> <h3> <a href=\"https:\/\/meblekukulka.pl\/16-kanapy-tapicerowane\" > Kanapy <\/a> <\/h3> \n <a href=\"https:\/\/meblekukulka.pl\/22-lozka-tapicerowane-i-drewniane\" > <img loading=\"lazy\" decoding=\"async\" src=\"https:\/\/meblekukulka.pl\/blog\/wp-content\/uploads\/2023\/04\/bedroom-g61dbb7d13_1280-3-1024x682-200x160.jpg\" width=\"200\" height=\"160\" title=\"\u0141\u00f3\u017cka\" alt=\"\u0141\u00f3\u017cka tapicerowane\"> <\/a> <h3> <a href=\"https:\/\/meblekukulka.pl\/22-lozka-tapicerowane-i-drewniane\" > \u0141\u00f3\u017cka <\/a> <\/h3> \n <a href=\"https:\/\/meblekukulka.pl\/12-fotele-tapicerowane\" > <img loading=\"lazy\" decoding=\"async\" src=\"https:\/\/meblekukulka.pl\/blog\/wp-content\/uploads\/2022\/01\/design-gaf2c29ee1_1920-820x1024-200x160.jpg\" width=\"200\" height=\"160\" title=\"Fotele\" alt=\"Fotele tapicerowane\"> <\/a> <h3> <a href=\"https:\/\/meblekukulka.pl\/12-fotele-tapicerowane\" > Fotele <\/a> <\/h3>\n<h2>Modne meble do salonu<\/h2> <p>Salon to miejsce, w kt\u00f3rym sp\u0119dzamy wi\u0119kszo\u015b\u0107 wolnego czasu, dlatego wa\u017cne jest, aby by\u0142 on wygodny i stylowy. W 2024 roku modne b\u0119d\u0105 <strong>meble drewniane<\/strong> w naturalnych kolorach, kt\u00f3re b\u0119d\u0105 <strong>\u0142\u0105czy\u0142y si\u0119 z pastelowymi kolorami \u015bcian i dodatkami<\/strong>. Du\u017c\u0105 popularno\u015bci\u0105 cieszy\u0107 si\u0119 b\u0119d\u0105 r\u00f3wnie\u017c <a href=\"https:\/\/meblekukulka.pl\/30-sofy-tapicerowane\">sofy tapicerowane<\/a>, z mi\u0119kkimi poduszkami i oparciem, kt\u00f3re zapewni\u0105 wygod\u0119 podczas ogl\u0105dania ulubionego filmu. Do salonu warto te\u017c dokupi\u0107 oryginalne lampy sto\u0142owe, kt\u00f3re b\u0119d\u0105 pe\u0142ni\u0107 funkcj\u0119 dekoracyjn\u0105, a jednocze\u015bnie o\u015bwietl\u0105 pomieszczenie.<\/p>\n<h2>Modne meble kuchenne<\/h2> <p>Kuchnia to miejsce, w kt\u00f3rym przygotowujemy posi\u0142ki, ale tak\u017ce miejsce, w kt\u00f3rym sp\u0119dzamy czas z rodzin\u0105 i przyjaci\u00f3\u0142mi. <strong>Modne meble kuchenne w 2024 roku<\/strong> b\u0119d\u0105 \u0142\u0105czy\u0107 funkcjonalno\u015b\u0107 ze stylowym wygl\u0105dem. W <strong>kuchni dominowa\u0107 b\u0119d\u0105 jasne, pastelowe kolory<\/strong>, kt\u00f3re b\u0119d\u0105 dobrze wsp\u00f3\u0142gra\u0107 z <strong>drewnianymi blatami<\/strong>. Oryginalnym dodatkiem do kuchni b\u0119d\u0105 wyspy kuchenne, kt\u00f3re b\u0119d\u0105 pe\u0142ni\u0107 funkcj\u0119 sto\u0142u jadalnego, jak r\u00f3wnie\u017c miejsca do przygotowywania posi\u0142k\u00f3w.<\/p>\n<h3>Modne meble do pokoju<\/h3> <p>Pok\u00f3j dzienny to miejsce, <strong>w kt\u00f3rym wypoczywamy i regenerujemy si\u0142y po ci\u0119\u017ckim dniu. W 2024 roku modne b\u0119d\u0105 meble w jasnych kolorach<\/strong>, takie jak biel, szaro\u015b\u0107 czy pastelowe odcienie, kt\u00f3re zyskaj\u0105 na elegancji dzi\u0119ki dodatkom z naturalnego drewna. <strong>Modne meble do pokoju<\/strong> b\u0119d\u0105 \u0142\u0105czy\u0142y oryginalny design oraz praktyczno\u015b\u0107. Du\u017c\u0105 popularno\u015bci\u0105 b\u0119d\u0105 cieszy\u0107 si\u0119 <a href=\"https:\/\/meblekukulka.pl\/40-lozka-tapicerowane\">\u0142\u00f3\u017cka tapicerowane<\/a>. Warto si\u0119gn\u0105\u0107 te\u017c po oryginalne lampy sto\u0142owe, kt\u00f3re wprowadz\u0105 do pokoju ciep\u0142e i przytulne \u015bwiat\u0142o.<\/p>\n<h3>Modne meble do sypialni<\/h3> <p>Sypialnia to miejsce, w kt\u00f3rym sp\u0119dzamy du\u017co czasu i odpoczywamy, dlatego wa\u017cne jest, aby by\u0142a ona wygodna i przytulna. <strong>Modne meble do sypialni w 2024 roku<\/strong> b\u0119d\u0105 po\u0142\u0105czeniem mi\u0119dzy funkcjonalno\u015bci\u0105, wygod\u0105, a stylowym wygl\u0105dem. Do <strong>modnych mebli do sypialni<\/strong> nale\u017c\u0105 mi\u0119dzy innymi<strong> \u0142\u00f3\u017cka tapicerowane<\/strong> w jasnych kolorach, z oryginalnymi, geometrycznymi wzorami. W sypialni dobrze sprawdz\u0105 si\u0119 te\u017c <a href=\"https:\/\/meblekukulka.pl\/48-szafy-przesuwne\">szafy z przesuwnymi drzwiami<\/a>, kt\u00f3re pozwol\u0105 na zaoszcz\u0119dzenie miejsca. <strong>Modne meble do sypialni<\/strong> b\u0119d\u0105 stanowi\u0142y idealne <strong>po\u0142\u0105czenie nowoczesno\u015bci i elegancji<\/strong>, co pozwoli na stworzenie wspania\u0142ego wn\u0119trza do wypoczynku.<\/p>\n<h3>Modne meble m\u0142odzie\u017cowe<\/h3> <p><strong>M\u0142odzie\u017cowe pokoje<\/strong> to miejsca, kt\u00f3re powinny charakteryzowa\u0107 si\u0119 oryginalnym i nowoczesnym wygl\u0105dem. W <strong>2024 roku modne meble m\u0142odzie\u017cowe<\/strong> maj\u0105 stawia\u0107 przede wszystkim na odpowiedni komfort u\u017cytkowania, a do tego odznacza\u0107 si\u0119 nieprzeci\u0119tnym designem. Do<strong> m\u0142odzie\u017cowych pokoj\u00f3w<\/strong> b\u0119d\u0105 pasowa\u0107 <strong>meble<\/strong> w jasnych kolorach, z dodatkiem \u017cywych, kolorowych element\u00f3w, takich jak poduszki, pledy czy dywany. <a href=\"https:\/\/meblekukulka.pl\/61-pokoj-mlodziezowy\">Modne meble m\u0142odzie\u017cowe<\/a> to przede wszystkim meble modu\u0142owe, kt\u00f3re mo\u017cna dowolnie konfigurowa\u0107 i zmienia\u0107 aran\u017cacj\u0119 pokoju w zale\u017cno\u015bci od potrzeb.<\/p>\n<h3>Modne meble do pozosta\u0142ych pomieszcze\u0144<\/h3> <p>Do pozosta\u0142ych pokoj\u00f3w w domu, takich jak jadalnia, gabinet czy pomieszczenia gospodarcze, r\u00f3wnie\u017c warto dobiera\u0107 modne meble. Do jadalni pasowa\u0107 b\u0119d\u0105<strong> sto\u0142y z drewna naturalnego<\/strong>, kt\u00f3re b\u0119d\u0105 dobrze wsp\u00f3\u0142gra\u0107 z krzes\u0142ami w geometryczne wzory. Do gabinet\u00f3w warto wybra\u0107 oryginalne i solidne biurka oraz designerskie lampy sto\u0142owe. W pomieszczeniach gospodarczych przydadz\u0105 si\u0119 natomiast rega\u0142y modu\u0142owe, kt\u00f3re pozwol\u0105 na skuteczne zagospodarowanie przestrzeni.<\/p>\n<h3>Trendy 2025 wn\u0119trza \u2013 W ofercie naszego internetowego sklepu z meblami Meble Kuku\u0142ka<\/h3> <p>przygotowali\u015bmy doskona\u0142\u0105 ofert\u0119 <strong>modnych mebli 2025<\/strong>. Dzi\u0119ki temu masz mo\u017cliwo\u015b\u0107 wyposa\u017cenia si\u0119 u nas w najwy\u017cszej jako\u015bci produkty, kt\u00f3re idealne wkomponuj\u0105 si\u0119 w aktualnie panuj\u0105ce <strong>trendy wn\u0119trzarskie<\/strong>. Sprawd\u017a pe\u0142n\u0105 ofert\u0119 <a href=\"https:\/\/meblekukulka.pl\/55-salon\">mebli do salonu<\/a>, mebli jadalnianych, a tak\u017ce <a href=\"https:\/\/meblekukulka.pl\/54-sypialnia\">mebli do sypialni<\/a>, <a href=\"https:\/\/meblekukulka.pl\/57-pokoj-dzienny\">mebli do pokoju dziennego<\/a> oraz mebli kuchennych i stw\u00f3rz pi\u0119kne, praktyczne i wygodne wn\u0119trze!<\/p>","_links":{"self":[{"href":"https:\/\/meblekukulka.pl\/blog\/wp-json\/wp\/v2\/posts\/1455"}],"collection":[{"href":"https:\/\/meblekukulka.pl\/blog\/wp-json\/wp\/v2\/posts"}],"about":[{"href":"https:\/\/meblekukulka.pl\/blog\/wp-json\/wp\/v2\/types\/post"}],"author":[{"embeddable":true,"href":"https:\/\/meblekukulka.pl\/blog\/wp-json\/wp\/v2\/users\/8"}],"replies":[{"embeddable":true,"href":"https:\/\/meblekukulka.pl\/blog\/wp-json\/wp\/v2\/comments?post=1455"}],"version-history":[{"count":10,"href":"https:\/\/meblekukulka.pl\/blog\/wp-json\/wp\/v2\/posts\/1455\/revisions"}],"predecessor-version":[{"id":1932,"href":"https:\/\/meblekukulka.pl\/blog\/wp-json\/wp\/v2\/posts\/1455\/revisions\/1932"}],"wp:featuredmedia":[{"embeddable":true,"href":"https:\/\/meblekukulka.pl\/blog\/wp-json\/wp\/v2\/media\/1464"}],"wp:attachment":[{"href":"https:\/\/meblekukulka.pl\/blog\/wp-json\/wp\/v2\/media?parent=1455"}],"wp:term":[{"taxonomy":"category","embeddable":true,"href":"https:\/\/meblekukulka.pl\/blog\/wp-json\/wp\/v2\/categories?post=1455"},{"taxonomy":"post_tag","embeddable":true,"href":"https:\/\/meblekukulka.pl\/blog\/wp-json\/wp\/v2\/tags?post=1455"}],"curies":[{"name":"wp","href":"https:\/\/api.w.org\/{rel}","templated":true}]}}