{"id":1406,"date":"2023-01-10T17:57:49","date_gmt":"2023-01-10T17:57:49","guid":{"rendered":"https:\/\/www.meblekukulka.pl\/blog\/biuro-w-salonie-czy-to-mozliwe-copy\/"},"modified":"2023-01-10T18:22:41","modified_gmt":"2023-01-10T18:22:41","slug":"wnetrze-w-stylu-skandynawskim-czym-sie-charakteryzuje","status":"publish","type":"post","link":"https:\/\/meblekukulka.pl\/blog\/wnetrze-w-stylu-skandynawskim-czym-sie-charakteryzuje\/","title":{"rendered":"Wn\u0119trze w stylu skandynawskim \u2013 czym si\u0119 charakteryzuje?"},"content":{"rendered":"<!--themify_builder_content-->\n<div id=\"themify_builder_content-1406\" data-postid=\"1406\" class=\"themify_builder_content themify_builder_content-1406 themify_builder tf_clear\">\n    \t<!-- module_row -->\n\t<div  data-lazy=\"1\" class=\"module_row themify_builder_row tb_wdnw000 tb_first tf_clearfix\">\n\t    \t\t<div class=\"row_inner col_align_top col-count-1 tf_box tf_w tf_rel\">\n\t\t\t<div  data-lazy=\"1\" class=\"module_column tb-column col-full first tb_55yf660 tf_box\">\n\t\t\t    \t        <div class=\"tb-column-inner tf_box tf_w\">\n\t\t    <!-- module text -->\n<div  class=\"module module-text tb_n9zf920   \" data-lazy=\"1\">\n        <div  class=\"tb_text_wrap\">\n    <p><strong>Styl skandynawski<\/strong> przebojem wkrad\u0142 si\u0119 do polskich dom\u00f3w. Podbi\u0142 on serca wielu os\u00f3b i zapewniamy, szybko si\u0119 to nie zmieni. Co wi\u0119cej, <strong>styl skandynawski<\/strong> stale si\u0119 zmienia, udoskonala i pokazuje swoje nowe ods\u0142ony. To tylko pokazuje, \u017ce warto zdecydowa\u0107 si\u0119 na drobn\u0105 modyfikacj\u0119 swojego wn\u0119trza i urz\u0105dzi\u0107 je w ods\u0142onie prosto ze Skandynawii. Zanim jednak do tego przejdziemy, warto zastanowi\u0107 si\u0119 jak powsta\u0142 <strong>styl skandynawski<\/strong>, czemu zawdzi\u0119cza on swoj\u0105 popularno\u015b\u0107 i przede wszystkim \u2013 czym si\u0119 wyr\u00f3\u017cnia? Na wszystkie te pytania odpowiemy w naszym artykule!<\/p>    <\/div>\n<\/div>\n<!-- \/module text --><!-- module template_part -->\n<div  class=\"module module-layout-part tb_irva294 \">\n    <div class=\"tb_layout_part_wrap tf_w\">\n<!--themify_builder_content-->\n    <div  class=\"themify_builder_content themify_builder_content-1291 themify_builder not_editable_builder in_the_loop\" data-postid=\"1291\">\n        \t<!-- module_row -->\n\t<div  data-lazy=\"1\" class=\"module_row themify_builder_row tb_7met93 tf_clearfix\">\n\t    \t\t<div class=\"row_inner col_align_top col-count-1 tf_box tf_w tf_rel\">\n\t\t\t<div  data-lazy=\"1\" class=\"module_column tb-column col-full first tb_hxqr94 tf_box\">\n\t\t\t    \t        <div class=\"tb-column-inner tf_box tf_w\">\n\t\t    <!-- module text -->\n<div  class=\"module module-text tb_2w0g783   \" data-lazy=\"1\">\n        <div  class=\"tb_text_wrap\">\n    <h2>Sprawd\u017a najlepsze meble w naszym sklepie meblekukulka.pl<\/h2>    <\/div>\n<\/div>\n<!-- \/module text -->\t        <\/div>\n\t    \t<\/div>\n\t\t    <\/div>\n\t    <!-- \/row_inner -->\n\t<\/div>\n\t<!-- \/module_row -->\n\t    <\/div>\n<!--\/themify_builder_content-->\n<\/div>\n<\/div>\n<!-- \/module template_part -->\n<!-- module template_part -->\n<div  class=\"module module-layout-part tb_9srw502 \">\n    <div class=\"tb_layout_part_wrap tf_w\">\n<!--themify_builder_content-->\n    <div  class=\"themify_builder_content themify_builder_content-1289 themify_builder not_editable_builder in_the_loop\" data-postid=\"1289\">\n        \t<!-- module_row -->\n\t<div  data-lazy=\"1\" class=\"module_row themify_builder_row tb_mf43696 tf_clearfix\" >\n\t    \t\t<div class=\"row_inner col_align_top col-count-4 tf_box tf_w tf_rel\">\n\t\t\t<div  data-lazy=\"1\" class=\"module_column tb-column col4-1 first tb_g4bw696 repeat tf_box\">\n\t\t\t    \t        <div class=\"tb-column-inner tf_box tf_w\">\n\t\t    <!-- module image -->\n<div  class=\"module module-image tb_l0zr696   image-full-overlay auto_fullwidth tf_mw\" data-lazy=\"1\">\n        <div class=\"image-wrap tf_rel tf_mw\">\n\t\t    <a href=\"https:\/\/meblekukulka.pl\/30-sofy-tapicerowane\"\n\t       \t       >\n\t\t   \t\t<img loading=\"lazy\" decoding=\"async\" src=\"https:\/\/meblekukulka.pl\/blog\/wp-content\/uploads\/2023\/04\/living-room-g0135a726e_1280-1024x682-200x160.jpg\" width=\"200\" height=\"160\" class=\"wp-post-image wp-image-1529\" title=\"Sofy\" alt=\"Sofy tapicerowane\">\t    <\/a>\n\t\n\t\t<\/div>\n\t<!-- \/image-wrap -->\n    \n    \t<div class=\"image-content tf_overflow\">\n\t    \t\t\t<h3 class=\"image-title\">\n\t\t\t\t\t\t\t\t\t<a href=\"https:\/\/meblekukulka.pl\/30-sofy-tapicerowane\" \n\t\t\t\t\t   \t\t\t\t\t   >\n\t\t\t\t\t\t   Sofy\t\t\t\t\t<\/a>\n\t\t\t\t\t\t\t<\/h3>\n\t    \n\t    \t<\/div>\n\t<!-- \/image-content -->\n    \t<\/div>\n<!-- \/module image -->\t        <\/div>\n\t    \t<\/div>\n\t\t<div  data-lazy=\"1\" class=\"module_column tb-column col4-1 second tb_c6nh696 tf_box\">\n\t\t\t    \t        <div class=\"tb-column-inner tf_box tf_w\">\n\t\t    <!-- module image -->\n<div  class=\"module module-image tb_6d9l696   image-full-overlay auto_fullwidth tf_mw\" data-lazy=\"1\">\n        <div class=\"image-wrap tf_rel tf_mw\">\n\t\t    <a href=\"https:\/\/meblekukulka.pl\/16-kanapy-tapicerowane\"\n\t       \t       >\n\t\t   \t\t<img loading=\"lazy\" decoding=\"async\" src=\"https:\/\/meblekukulka.pl\/blog\/wp-content\/uploads\/2023\/04\/sofa-g6ef369d14_1280-1024x667-200x160.jpg\" width=\"200\" height=\"160\" class=\"wp-post-image wp-image-1532\" title=\"Kanapy\" alt=\"Kanapy tapicerowane\">\t    <\/a>\n\t\n\t\t<\/div>\n\t<!-- \/image-wrap -->\n    \n    \t<div class=\"image-content tf_overflow\">\n\t    \t\t\t<h3 class=\"image-title\">\n\t\t\t\t\t\t\t\t\t<a href=\"https:\/\/meblekukulka.pl\/16-kanapy-tapicerowane\" \n\t\t\t\t\t   \t\t\t\t\t   >\n\t\t\t\t\t\t   Kanapy\t\t\t\t\t<\/a>\n\t\t\t\t\t\t\t<\/h3>\n\t    \n\t    \t<\/div>\n\t<!-- \/image-content -->\n    \t<\/div>\n<!-- \/module image -->\t        <\/div>\n\t    \t<\/div>\n\t\t<div  data-lazy=\"1\" class=\"module_column tb-column col4-1 third tb_8l2f696 tf_box\">\n\t\t\t    \t        <div class=\"tb-column-inner tf_box tf_w\">\n\t\t    <!-- module image -->\n<div  class=\"module module-image tb_7vyr696   image-full-overlay auto_fullwidth tf_mw\" data-lazy=\"1\">\n        <div class=\"image-wrap tf_rel tf_mw\">\n\t\t    <a href=\"https:\/\/meblekukulka.pl\/22-lozka-tapicerowane-i-drewniane\"\n\t       \t       >\n\t\t   \t\t<img loading=\"lazy\" decoding=\"async\" src=\"https:\/\/meblekukulka.pl\/blog\/wp-content\/uploads\/2023\/04\/bedroom-g61dbb7d13_1280-3-1024x682-200x160.jpg\" width=\"200\" height=\"160\" class=\"wp-post-image wp-image-1528\" title=\"\u0141\u00f3\u017cka\" alt=\"\u0141\u00f3\u017cka tapicerowane\">\t    <\/a>\n\t\n\t\t<\/div>\n\t<!-- \/image-wrap -->\n    \n    \t<div class=\"image-content tf_overflow\">\n\t    \t\t\t<h3 class=\"image-title\">\n\t\t\t\t\t\t\t\t\t<a href=\"https:\/\/meblekukulka.pl\/22-lozka-tapicerowane-i-drewniane\" \n\t\t\t\t\t   \t\t\t\t\t   >\n\t\t\t\t\t\t   \u0141\u00f3\u017cka\t\t\t\t\t<\/a>\n\t\t\t\t\t\t\t<\/h3>\n\t    \n\t    \t<\/div>\n\t<!-- \/image-content -->\n    \t<\/div>\n<!-- \/module image -->\t        <\/div>\n\t    \t<\/div>\n\t\t<div  data-lazy=\"1\" class=\"module_column tb-column col4-1 last tb_9kxr696 repeat tf_box\">\n\t\t\t    \t        <div class=\"tb-column-inner tf_box tf_w\">\n\t\t    <!-- module image -->\n<div  class=\"module module-image tb_ase2696   image-full-overlay auto_fullwidth tf_mw\" data-lazy=\"1\">\n        <div class=\"image-wrap tf_rel tf_mw\">\n\t\t    <a href=\"https:\/\/meblekukulka.pl\/12-fotele-tapicerowane\"\n\t       \t       >\n\t\t   \t\t<img loading=\"lazy\" decoding=\"async\" src=\"https:\/\/meblekukulka.pl\/blog\/wp-content\/uploads\/2022\/01\/design-gaf2c29ee1_1920-820x1024-200x160.jpg\" width=\"200\" height=\"160\" class=\"wp-post-image wp-image-1089\" title=\"Fotele\" alt=\"Fotele tapicerowane\">\t    <\/a>\n\t\n\t\t<\/div>\n\t<!-- \/image-wrap -->\n    \n    \t<div class=\"image-content tf_overflow\">\n\t    \t\t\t<h3 class=\"image-title\">\n\t\t\t\t\t\t\t\t\t<a href=\"https:\/\/meblekukulka.pl\/12-fotele-tapicerowane\" \n\t\t\t\t\t   \t\t\t\t\t   >\n\t\t\t\t\t\t   Fotele\t\t\t\t\t<\/a>\n\t\t\t\t\t\t\t<\/h3>\n\t    \n\t    \t<\/div>\n\t<!-- \/image-content -->\n    \t<\/div>\n<!-- \/module image -->\t        <\/div>\n\t    \t<\/div>\n\t\t    <\/div>\n\t    <!-- \/row_inner -->\n\t<\/div>\n\t<!-- \/module_row -->\n\t    <\/div>\n<!--\/themify_builder_content-->\n<\/div>\n<\/div>\n<!-- \/module template_part -->\n<!-- module text -->\n<div  class=\"module module-text tb_mz8h602   \" data-lazy=\"1\">\n        <div  class=\"tb_text_wrap\">\n    <h2>Styl skandynawski co to jest i jakie s\u0105 jego pocz\u0105tki?<\/h2>\n<p><strong>Styl skandynawski<\/strong> nie jest \u017cadn\u0105 nowo\u015bci\u0105. W Polsce znamy go i bardzo cenimy ju\u017c od d\u0142u\u017cszego czasu. Sk\u0105d jednak do nas przyby\u0142?<strong> Styl skandynawski<\/strong> narodzi\u0142 si\u0119, co nie powinno nikogo zadziwi\u0107, w p\u00f3\u0142nocnej cz\u0119\u015bci Europy. Dla region\u00f3w Skandynawii charakterystyczne s\u0105 d\u0142ugie zimy, ma\u0142a ilo\u015b\u0107 \u015bwiat\u0142a i og\u00f3lnie panuj\u0105ca \u201eszar\u00f3wka\u201d. Dlatego te\u017c zacz\u0119to projektowa\u0107 wn\u0119trza, kt\u00f3re odznacza\u0142y si\u0119 jasnymi kolorami \u2013 aby jak najbardziej rozja\u015bni\u0107 domy. Na ukszta\u0142towanie si\u0119 <strong>skandynawskiego stylu wn\u0119trz<\/strong> du\u017cy wp\u0142yw mia\u0142 te\u017c styl gustawia\u0144ski. Niegdy\u015b Szwecja nie by\u0142a zbyt zamo\u017cnym pa\u0144stwem, w zwi\u0105zku z czym nie mog\u0142a sobie pozwoli\u0107 na tworzenie kosztownych wn\u0119trz, ociekaj\u0105cych z\u0142otem i innymi dodatkami. W zamian postawiono na prostot\u0119, kt\u00f3r\u0105 z czasem pokocha\u0142 ca\u0142y \u015bwiat.<\/p>    <\/div>\n<\/div>\n<!-- \/module text --><!-- module text -->\n<div  class=\"module module-text tb_jkkx200   \" data-lazy=\"1\">\n        <div  class=\"tb_text_wrap\">\n    <h2>Charakterystyka stylu skandynawskiego<\/h2>\n<p><strong>Styl wn\u0119trz skandynawski<\/strong> jest bardzo wyj\u0105tkowy, dlatego te\u017c ka\u017cdy od razu go rozpozna. Na rynku nie brakuje <strong>skandynawskich mebli<\/strong>, <strong>akcesori\u00f3w<\/strong> oraz <strong>dodatk\u00f3w w stylu skandynawskim<\/strong>, kt\u00f3re umo\u017cliwiaj\u0105 stworzenie przepi\u0119knych aran\u017cacji w stylu skandynawskim. Zastan\u00f3wmy si\u0119 jednak, jakie konkretnie element wyr\u00f3\u017cniaj\u0105 ten styl? Z pewno\u015bci\u0105 s\u0105 to jasne kolory, w\u015br\u00f3d kt\u00f3rych kr\u00f3luje biel. W tych oto barwach najcz\u0119\u015bciej mo\u017cemy spotka\u0107<strong> \u015bciany we wn\u0119trzach skandynawskich<\/strong> oraz <strong>skandynawskie meble<\/strong>. Charakterystyczne s\u0105 tak\u017ce okna, kt\u00f3re pozostaj\u0105 nie zas\u0142oni\u0119te \u017cadnymi firanami b\u0105d\u017a zas\u0142onami. Wa\u017cne jest, aby do wn\u0119trza domu dociera\u0142o jak najwi\u0119cej \u015bwiat\u0142a. Opisuj\u0105c <strong>styl skandynawski<\/strong> nie mo\u017cna pomin\u0105\u0107 du\u017cej ilo\u015bci drewnianych dodatk\u00f3w. Zar\u00f3wno meble, akcesoria, jak i ca\u0142e wn\u0119trze cz\u0119sto bogate s\u0105 w drewniane akcenty. Podsumowuj\u0105c ca\u0142okszta\u0142t <strong>stylu skandynawskiego<\/strong> mo\u017cna okre\u015bli\u0107 go jako styl prosty, minimalistyczny i funkcjonalny.<\/p>    <\/div>\n<\/div>\n<!-- \/module text --><!-- module text -->\n<div  class=\"module module-text tb_1l0a020   \" data-lazy=\"1\">\n        <div  class=\"tb_text_wrap\">\n    <h3>Meble w stylu skandynawskim<\/h3>\n<p>Przyjrzyjmy si\u0119 teraz bardziej szczeg\u00f3\u0142owo<strong> skandynawskim meblom<\/strong>. Jak wspomnieli\u015bmy, w\u015br\u00f3d nich przewa\u017caj\u0105 produkty o jasnych barwach, kt\u00f3re rozja\u015bniaj\u0105 wn\u0119trze i optycznie czyni\u0105 je wi\u0119kszym. Dla<strong> stylu skandynawskiego<\/strong> bardzo popularne s\u0105 <strong>wygodne<\/strong>, <a href=\"https:\/\/meblekukulka.pl\/308-kanapy-skandynawskie\">tapicerowane kanapy<\/a> oraz <a href=\"https:\/\/meblekukulka.pl\/291-sofy-skandynawskie\">sofy skandynawskie<\/a>. Nie mog\u0142oby zabrakn\u0105\u0107 tak\u017ce solidnych kom\u00f3d lub rega\u0142\u00f3w oraz delikatnych p\u00f3\u0142ek, kt\u00f3re upi\u0119kszaj\u0105 \u015bciany. Rzecz jasna, wiele <strong>mebli w stylu skandynawskim<\/strong> posiada charakterystyczne <strong>drewniane n\u00f3\u017cki<\/strong>, kt\u00f3re nadaj\u0105 im subtelno\u015bci, delikatno\u015bci i stylu. Je\u015bli zatem chcia\u0142by\u015b wprowadzi\u0107 nieco <strong>skandynawskiego designu<\/strong> do swojego domu \u2013 sprawd\u017a ofert\u0119 naszego sklepu Meble Kuku\u0142ka, w kt\u00f3rej znajdziesz wiele wspania\u0142ych <a href=\"https:\/\/meblekukulka.pl\/275-styl-skandynawski\">mebli w stylu skandynawskim<\/a>.<\/p>    <\/div>\n<\/div>\n<!-- \/module text -->\t        <\/div>\n\t    \t<\/div>\n\t\t    <\/div>\n\t    <!-- \/row_inner -->\n\t<\/div>\n\t<!-- \/module_row -->\n\t<\/div>\n<!--\/themify_builder_content-->\n","protected":false},"excerpt":{"rendered":"<p>Styl skandynawski przebojem wkrad\u0142 si\u0119 do polskich dom\u00f3w. Podbi\u0142 on serca wielu os\u00f3b i zapewniamy, szybko si\u0119 to nie zmieni. Co wi\u0119cej, styl skandynawski stale si\u0119 zmienia, udoskonala i pokazuje swoje nowe ods\u0142ony. To tylko pokazuje, \u017ce warto zdecydowa\u0107 si\u0119 na drobn\u0105 modyfikacj\u0119 swojego wn\u0119trza i urz\u0105dzi\u0107 je w ods\u0142onie prosto ze Skandynawii. Zanim jednak [&hellip;]<\/p>\n","protected":false},"author":9,"featured_media":1419,"comment_status":"open","ping_status":"closed","sticky":false,"template":"","format":"standard","meta":{"footnotes":""},"categories":[1,3],"tags":[],"class_list":["post-1406","post","type-post","status-publish","format-standard","has-post-thumbnail","hentry","category-inspiracje","category-porady","has-post-title","has-post-date","has-post-category","has-post-tag","has-post-comment","has-post-author",""],"yoast_head":"<!-- This site is optimized with the Yoast SEO plugin v23.1 - https:\/\/yoast.com\/wordpress\/plugins\/seo\/ -->\n<title>Wn\u0119trze w stylu skandynawskim \u2013 czym si\u0119 charakteryzuje? | Blog Meble Kuku\u0142ka<\/title>\n<meta name=\"description\" content=\"Blog Meble Kuku\u0142ka - Wn\u0119trze w stylu skandynawskim \u2013 czym si\u0119 charakteryzuje? - Porady i ciekawostki ze \u015bwiata wn\u0119trz i aran\u017cacji.\" \/>\n<meta name=\"robots\" content=\"index, follow, max-snippet:-1, max-image-preview:large, max-video-preview:-1\" \/>\n<link rel=\"canonical\" href=\"https:\/\/meblekukulka.pl\/blog\/wnetrze-w-stylu-skandynawskim-czym-sie-charakteryzuje\/\" \/>\n<meta property=\"og:locale\" content=\"pl_PL\" \/>\n<meta property=\"og:type\" content=\"article\" \/>\n<meta property=\"og:title\" content=\"Wn\u0119trze w stylu skandynawskim \u2013 czym si\u0119 charakteryzuje? | Blog Meble Kuku\u0142ka\" \/>\n<meta property=\"og:description\" content=\"Blog Meble Kuku\u0142ka - Wn\u0119trze w stylu skandynawskim \u2013 czym si\u0119 charakteryzuje? - Porady i ciekawostki ze \u015bwiata wn\u0119trz i aran\u017cacji.\" \/>\n<meta property=\"og:url\" content=\"https:\/\/meblekukulka.pl\/blog\/wnetrze-w-stylu-skandynawskim-czym-sie-charakteryzuje\/\" \/>\n<meta property=\"og:site_name\" content=\"Blog Meble Kuku\u0142ka\" \/>\n<meta property=\"article:publisher\" content=\"https:\/\/www.facebook.com\/meblekukulka\/\" \/>\n<meta property=\"article:published_time\" content=\"2023-01-10T17:57:49+00:00\" \/>\n<meta property=\"article:modified_time\" content=\"2023-01-10T18:22:41+00:00\" \/>\n<meta property=\"og:image\" content=\"https:\/\/meblekukulka.pl\/blog\/wp-content\/uploads\/2023\/01\/Depositphotos_136388972_L-1024x683.jpg\" \/>\n\t<meta property=\"og:image:width\" content=\"1024\" \/>\n\t<meta property=\"og:image:height\" content=\"683\" \/>\n\t<meta property=\"og:image:type\" content=\"image\/jpeg\" \/>\n<meta name=\"author\" content=\"Redakcja meblekuku\u0142ka\" \/>\n<meta name=\"twitter:card\" content=\"summary_large_image\" \/>\n<meta name=\"twitter:label1\" content=\"Napisane przez\" \/>\n\t<meta name=\"twitter:data1\" content=\"Redakcja meblekuku\u0142ka\" \/>\n<script type=\"application\/ld+json\" class=\"yoast-schema-graph\">{\"@context\":\"https:\/\/schema.org\",\"@graph\":[{\"@type\":\"WebPage\",\"@id\":\"https:\/\/meblekukulka.pl\/blog\/wnetrze-w-stylu-skandynawskim-czym-sie-charakteryzuje\/\",\"url\":\"https:\/\/meblekukulka.pl\/blog\/wnetrze-w-stylu-skandynawskim-czym-sie-charakteryzuje\/\",\"name\":\"Wn\u0119trze w stylu skandynawskim \u2013 czym si\u0119 charakteryzuje? | Blog Meble Kuku\u0142ka\",\"isPartOf\":{\"@id\":\"https:\/\/meblekukulka.pl\/blog\/#website\"},\"primaryImageOfPage\":{\"@id\":\"https:\/\/meblekukulka.pl\/blog\/wnetrze-w-stylu-skandynawskim-czym-sie-charakteryzuje\/#primaryimage\"},\"image\":{\"@id\":\"https:\/\/meblekukulka.pl\/blog\/wnetrze-w-stylu-skandynawskim-czym-sie-charakteryzuje\/#primaryimage\"},\"thumbnailUrl\":\"https:\/\/meblekukulka.pl\/blog\/wp-content\/uploads\/2023\/01\/Depositphotos_136388972_L.jpg\",\"datePublished\":\"2023-01-10T17:57:49+00:00\",\"dateModified\":\"2023-01-10T18:22:41+00:00\",\"author\":{\"@id\":\"https:\/\/meblekukulka.pl\/blog\/#\/schema\/person\/423fc8d598bc317d47773d31ecdd4162\"},\"description\":\"Blog Meble Kuku\u0142ka - Wn\u0119trze w stylu skandynawskim \u2013 czym si\u0119 charakteryzuje? - Porady i ciekawostki ze \u015bwiata wn\u0119trz i aran\u017cacji.\",\"breadcrumb\":{\"@id\":\"https:\/\/meblekukulka.pl\/blog\/wnetrze-w-stylu-skandynawskim-czym-sie-charakteryzuje\/#breadcrumb\"},\"inLanguage\":\"pl-PL\",\"potentialAction\":[{\"@type\":\"ReadAction\",\"target\":[\"https:\/\/meblekukulka.pl\/blog\/wnetrze-w-stylu-skandynawskim-czym-sie-charakteryzuje\/\"]}]},{\"@type\":\"ImageObject\",\"inLanguage\":\"pl-PL\",\"@id\":\"https:\/\/meblekukulka.pl\/blog\/wnetrze-w-stylu-skandynawskim-czym-sie-charakteryzuje\/#primaryimage\",\"url\":\"https:\/\/meblekukulka.pl\/blog\/wp-content\/uploads\/2023\/01\/Depositphotos_136388972_L.jpg\",\"contentUrl\":\"https:\/\/meblekukulka.pl\/blog\/wp-content\/uploads\/2023\/01\/Depositphotos_136388972_L.jpg\",\"width\":1999,\"height\":1333,\"caption\":\"Modern flat with minimalistic desk and chair\"},{\"@type\":\"BreadcrumbList\",\"@id\":\"https:\/\/meblekukulka.pl\/blog\/wnetrze-w-stylu-skandynawskim-czym-sie-charakteryzuje\/#breadcrumb\",\"itemListElement\":[{\"@type\":\"ListItem\",\"position\":1,\"name\":\"Strona g\u0142\u00f3wna\",\"item\":\"https:\/\/meblekukulka.pl\/blog\/\"},{\"@type\":\"ListItem\",\"position\":2,\"name\":\"Wn\u0119trze w stylu skandynawskim \u2013 czym si\u0119 charakteryzuje?\"}]},{\"@type\":\"WebSite\",\"@id\":\"https:\/\/meblekukulka.pl\/blog\/#website\",\"url\":\"https:\/\/meblekukulka.pl\/blog\/\",\"name\":\"Blog Meble Kuku\u0142ka\",\"description\":\"\",\"potentialAction\":[{\"@type\":\"SearchAction\",\"target\":{\"@type\":\"EntryPoint\",\"urlTemplate\":\"https:\/\/meblekukulka.pl\/blog\/?s={search_term_string}\"},\"query-input\":\"required name=search_term_string\"}],\"inLanguage\":\"pl-PL\"},{\"@type\":\"Person\",\"@id\":\"https:\/\/meblekukulka.pl\/blog\/#\/schema\/person\/423fc8d598bc317d47773d31ecdd4162\",\"name\":\"Redakcja meblekuku\u0142ka\",\"description\":\"Meble Kuku\u0142ka to internetowy sklep z meblami, a jednocze\u015bnie producent mebli tapicerowanych, kt\u00f3ry ju\u017c od wielu lat urz\u0105dza wn\u0119trza tysi\u0119cy ludzi. Poprzez tworzenie mebli zdobyli\u015bmy wiele umiej\u0119tno\u015bci oraz do\u015bwiadczenie, kt\u00f3re teraz wykorzystujemy, aby pomaga\u0107 innym w aran\u017cacji ich dom\u00f3w i mieszka\u0144. Jako Meble Kuku\u0142kanieustannie \u015bledzimy najnowsze trendy, z kt\u00f3rych czerpiemy inspiracje i dzielimy si\u0119 nimi na naszym blogu. Dzi\u0119ki temu umo\u017cliwiamy innym stworzenie stylowych i modnych wn\u0119trz o r\u00f3\u017cnym charakterze. Z naszej strony zawsze mo\u017cesz liczy\u0107 na cenne porady, przewodniki, a tak\u017ce zainspirowa\u0107 si\u0119 naszymi pomys\u0142ami lub odkry\u0107 nowo\u015bci ze \u015bwiata designu. Je\u015bli wi\u0119c brakuje Ci wizji na urz\u0105dzenie poszczeg\u00f3lnych pomieszcze\u0144, nie wiesz jak dobra\u0107 najlepsze meble lub jak je ustawi\u0107 czy sprawi\u0107, by zachowa\u0142y sw\u00f3j wygl\u0105d na lata \u2013 sprawd\u017a rady od Meble Kuku\u0142ka! Zapewniamy, \u017ce jako bezpo\u015bredni producent mebli zawsze odpowiednio Ci doradzimy oraz przeprowadzimy Ci\u0119 przez etap urz\u0105dzania domu od A do Z. Na swoim koncie posiadamy ju\u017c ponad 3000 umeblowanych mieszka\u0144 \u2013 do\u0142\u0105czysz do nich?\"}]}<\/script>\n<!-- \/ Yoast SEO plugin. -->","yoast_head_json":{"title":"Wn\u0119trze w stylu skandynawskim \u2013 czym si\u0119 charakteryzuje? | Blog Meble Kuku\u0142ka","description":"Blog Meble Kuku\u0142ka - Wn\u0119trze w stylu skandynawskim \u2013 czym si\u0119 charakteryzuje? - Porady i ciekawostki ze \u015bwiata wn\u0119trz i aran\u017cacji.","robots":{"index":"index","follow":"follow","max-snippet":"max-snippet:-1","max-image-preview":"max-image-preview:large","max-video-preview":"max-video-preview:-1"},"canonical":"https:\/\/meblekukulka.pl\/blog\/wnetrze-w-stylu-skandynawskim-czym-sie-charakteryzuje\/","og_locale":"pl_PL","og_type":"article","og_title":"Wn\u0119trze w stylu skandynawskim \u2013 czym si\u0119 charakteryzuje? | Blog Meble Kuku\u0142ka","og_description":"Blog Meble Kuku\u0142ka - Wn\u0119trze w stylu skandynawskim \u2013 czym si\u0119 charakteryzuje? - Porady i ciekawostki ze \u015bwiata wn\u0119trz i aran\u017cacji.","og_url":"https:\/\/meblekukulka.pl\/blog\/wnetrze-w-stylu-skandynawskim-czym-sie-charakteryzuje\/","og_site_name":"Blog Meble Kuku\u0142ka","article_publisher":"https:\/\/www.facebook.com\/meblekukulka\/","article_published_time":"2023-01-10T17:57:49+00:00","article_modified_time":"2023-01-10T18:22:41+00:00","og_image":[{"width":1024,"height":683,"url":"https:\/\/meblekukulka.pl\/blog\/wp-content\/uploads\/2023\/01\/Depositphotos_136388972_L-1024x683.jpg","type":"image\/jpeg"}],"author":"Redakcja meblekuku\u0142ka","twitter_card":"summary_large_image","twitter_misc":{"Napisane przez":"Redakcja meblekuku\u0142ka"},"schema":{"@context":"https:\/\/schema.org","@graph":[{"@type":"WebPage","@id":"https:\/\/meblekukulka.pl\/blog\/wnetrze-w-stylu-skandynawskim-czym-sie-charakteryzuje\/","url":"https:\/\/meblekukulka.pl\/blog\/wnetrze-w-stylu-skandynawskim-czym-sie-charakteryzuje\/","name":"Wn\u0119trze w stylu skandynawskim \u2013 czym si\u0119 charakteryzuje? | Blog Meble Kuku\u0142ka","isPartOf":{"@id":"https:\/\/meblekukulka.pl\/blog\/#website"},"primaryImageOfPage":{"@id":"https:\/\/meblekukulka.pl\/blog\/wnetrze-w-stylu-skandynawskim-czym-sie-charakteryzuje\/#primaryimage"},"image":{"@id":"https:\/\/meblekukulka.pl\/blog\/wnetrze-w-stylu-skandynawskim-czym-sie-charakteryzuje\/#primaryimage"},"thumbnailUrl":"https:\/\/meblekukulka.pl\/blog\/wp-content\/uploads\/2023\/01\/Depositphotos_136388972_L.jpg","datePublished":"2023-01-10T17:57:49+00:00","dateModified":"2023-01-10T18:22:41+00:00","author":{"@id":"https:\/\/meblekukulka.pl\/blog\/#\/schema\/person\/423fc8d598bc317d47773d31ecdd4162"},"description":"Blog Meble Kuku\u0142ka - Wn\u0119trze w stylu skandynawskim \u2013 czym si\u0119 charakteryzuje? - Porady i ciekawostki ze \u015bwiata wn\u0119trz i aran\u017cacji.","breadcrumb":{"@id":"https:\/\/meblekukulka.pl\/blog\/wnetrze-w-stylu-skandynawskim-czym-sie-charakteryzuje\/#breadcrumb"},"inLanguage":"pl-PL","potentialAction":[{"@type":"ReadAction","target":["https:\/\/meblekukulka.pl\/blog\/wnetrze-w-stylu-skandynawskim-czym-sie-charakteryzuje\/"]}]},{"@type":"ImageObject","inLanguage":"pl-PL","@id":"https:\/\/meblekukulka.pl\/blog\/wnetrze-w-stylu-skandynawskim-czym-sie-charakteryzuje\/#primaryimage","url":"https:\/\/meblekukulka.pl\/blog\/wp-content\/uploads\/2023\/01\/Depositphotos_136388972_L.jpg","contentUrl":"https:\/\/meblekukulka.pl\/blog\/wp-content\/uploads\/2023\/01\/Depositphotos_136388972_L.jpg","width":1999,"height":1333,"caption":"Modern flat with minimalistic desk and chair"},{"@type":"BreadcrumbList","@id":"https:\/\/meblekukulka.pl\/blog\/wnetrze-w-stylu-skandynawskim-czym-sie-charakteryzuje\/#breadcrumb","itemListElement":[{"@type":"ListItem","position":1,"name":"Strona g\u0142\u00f3wna","item":"https:\/\/meblekukulka.pl\/blog\/"},{"@type":"ListItem","position":2,"name":"Wn\u0119trze w stylu skandynawskim \u2013 czym si\u0119 charakteryzuje?"}]},{"@type":"WebSite","@id":"https:\/\/meblekukulka.pl\/blog\/#website","url":"https:\/\/meblekukulka.pl\/blog\/","name":"Blog Meble Kuku\u0142ka","description":"","potentialAction":[{"@type":"SearchAction","target":{"@type":"EntryPoint","urlTemplate":"https:\/\/meblekukulka.pl\/blog\/?s={search_term_string}"},"query-input":"required name=search_term_string"}],"inLanguage":"pl-PL"},{"@type":"Person","@id":"https:\/\/meblekukulka.pl\/blog\/#\/schema\/person\/423fc8d598bc317d47773d31ecdd4162","name":"Redakcja meblekuku\u0142ka","description":"Meble Kuku\u0142ka to internetowy sklep z meblami, a jednocze\u015bnie producent mebli tapicerowanych, kt\u00f3ry ju\u017c od wielu lat urz\u0105dza wn\u0119trza tysi\u0119cy ludzi. Poprzez tworzenie mebli zdobyli\u015bmy wiele umiej\u0119tno\u015bci oraz do\u015bwiadczenie, kt\u00f3re teraz wykorzystujemy, aby pomaga\u0107 innym w aran\u017cacji ich dom\u00f3w i mieszka\u0144. Jako Meble Kuku\u0142kanieustannie \u015bledzimy najnowsze trendy, z kt\u00f3rych czerpiemy inspiracje i dzielimy si\u0119 nimi na naszym blogu. Dzi\u0119ki temu umo\u017cliwiamy innym stworzenie stylowych i modnych wn\u0119trz o r\u00f3\u017cnym charakterze. Z naszej strony zawsze mo\u017cesz liczy\u0107 na cenne porady, przewodniki, a tak\u017ce zainspirowa\u0107 si\u0119 naszymi pomys\u0142ami lub odkry\u0107 nowo\u015bci ze \u015bwiata designu. Je\u015bli wi\u0119c brakuje Ci wizji na urz\u0105dzenie poszczeg\u00f3lnych pomieszcze\u0144, nie wiesz jak dobra\u0107 najlepsze meble lub jak je ustawi\u0107 czy sprawi\u0107, by zachowa\u0142y sw\u00f3j wygl\u0105d na lata \u2013 sprawd\u017a rady od Meble Kuku\u0142ka! Zapewniamy, \u017ce jako bezpo\u015bredni producent mebli zawsze odpowiednio Ci doradzimy oraz przeprowadzimy Ci\u0119 przez etap urz\u0105dzania domu od A do Z. Na swoim koncie posiadamy ju\u017c ponad 3000 umeblowanych mieszka\u0144 \u2013 do\u0142\u0105czysz do nich?"}]}},"builder_content":"<p><strong>Styl skandynawski<\/strong> przebojem wkrad\u0142 si\u0119 do polskich dom\u00f3w. Podbi\u0142 on serca wielu os\u00f3b i zapewniamy, szybko si\u0119 to nie zmieni. Co wi\u0119cej, <strong>styl skandynawski<\/strong> stale si\u0119 zmienia, udoskonala i pokazuje swoje nowe ods\u0142ony. To tylko pokazuje, \u017ce warto zdecydowa\u0107 si\u0119 na drobn\u0105 modyfikacj\u0119 swojego wn\u0119trza i urz\u0105dzi\u0107 je w ods\u0142onie prosto ze Skandynawii. Zanim jednak do tego przejdziemy, warto zastanowi\u0107 si\u0119 jak powsta\u0142 <strong>styl skandynawski<\/strong>, czemu zawdzi\u0119cza on swoj\u0105 popularno\u015b\u0107 i przede wszystkim \u2013 czym si\u0119 wyr\u00f3\u017cnia? Na wszystkie te pytania odpowiemy w naszym artykule!<\/p>\n<h2>Sprawd\u017a najlepsze meble w naszym sklepie meblekukulka.pl<\/h2>\n<a href=\"https:\/\/meblekukulka.pl\/30-sofy-tapicerowane\" > <img loading=\"lazy\" decoding=\"async\" src=\"https:\/\/meblekukulka.pl\/blog\/wp-content\/uploads\/2023\/04\/living-room-g0135a726e_1280-1024x682-200x160.jpg\" width=\"200\" height=\"160\" title=\"Sofy\" alt=\"Sofy tapicerowane\"> <\/a> <h3> <a href=\"https:\/\/meblekukulka.pl\/30-sofy-tapicerowane\" > Sofy <\/a> <\/h3> \n <a href=\"https:\/\/meblekukulka.pl\/16-kanapy-tapicerowane\" > <img loading=\"lazy\" decoding=\"async\" src=\"https:\/\/meblekukulka.pl\/blog\/wp-content\/uploads\/2023\/04\/sofa-g6ef369d14_1280-1024x667-200x160.jpg\" width=\"200\" height=\"160\" title=\"Kanapy\" alt=\"Kanapy tapicerowane\"> <\/a> <h3> <a href=\"https:\/\/meblekukulka.pl\/16-kanapy-tapicerowane\" > Kanapy <\/a> <\/h3> \n <a href=\"https:\/\/meblekukulka.pl\/22-lozka-tapicerowane-i-drewniane\" > <img loading=\"lazy\" decoding=\"async\" src=\"https:\/\/meblekukulka.pl\/blog\/wp-content\/uploads\/2023\/04\/bedroom-g61dbb7d13_1280-3-1024x682-200x160.jpg\" width=\"200\" height=\"160\" title=\"\u0141\u00f3\u017cka\" alt=\"\u0141\u00f3\u017cka tapicerowane\"> <\/a> <h3> <a href=\"https:\/\/meblekukulka.pl\/22-lozka-tapicerowane-i-drewniane\" > \u0141\u00f3\u017cka <\/a> <\/h3> \n <a href=\"https:\/\/meblekukulka.pl\/12-fotele-tapicerowane\" > <img loading=\"lazy\" decoding=\"async\" src=\"https:\/\/meblekukulka.pl\/blog\/wp-content\/uploads\/2022\/01\/design-gaf2c29ee1_1920-820x1024-200x160.jpg\" width=\"200\" height=\"160\" title=\"Fotele\" alt=\"Fotele tapicerowane\"> <\/a> <h3> <a href=\"https:\/\/meblekukulka.pl\/12-fotele-tapicerowane\" > Fotele <\/a> <\/h3>\n<h2>Styl skandynawski co to jest i jakie s\u0105 jego pocz\u0105tki?<\/h2> <p><strong>Styl skandynawski<\/strong> nie jest \u017cadn\u0105 nowo\u015bci\u0105. W Polsce znamy go i bardzo cenimy ju\u017c od d\u0142u\u017cszego czasu. Sk\u0105d jednak do nas przyby\u0142?<strong> Styl skandynawski<\/strong> narodzi\u0142 si\u0119, co nie powinno nikogo zadziwi\u0107, w p\u00f3\u0142nocnej cz\u0119\u015bci Europy. Dla region\u00f3w Skandynawii charakterystyczne s\u0105 d\u0142ugie zimy, ma\u0142a ilo\u015b\u0107 \u015bwiat\u0142a i og\u00f3lnie panuj\u0105ca \u201eszar\u00f3wka\u201d. Dlatego te\u017c zacz\u0119to projektowa\u0107 wn\u0119trza, kt\u00f3re odznacza\u0142y si\u0119 jasnymi kolorami \u2013 aby jak najbardziej rozja\u015bni\u0107 domy. Na ukszta\u0142towanie si\u0119 <strong>skandynawskiego stylu wn\u0119trz<\/strong> du\u017cy wp\u0142yw mia\u0142 te\u017c styl gustawia\u0144ski. Niegdy\u015b Szwecja nie by\u0142a zbyt zamo\u017cnym pa\u0144stwem, w zwi\u0105zku z czym nie mog\u0142a sobie pozwoli\u0107 na tworzenie kosztownych wn\u0119trz, ociekaj\u0105cych z\u0142otem i innymi dodatkami. W zamian postawiono na prostot\u0119, kt\u00f3r\u0105 z czasem pokocha\u0142 ca\u0142y \u015bwiat.<\/p>\n<h2>Charakterystyka stylu skandynawskiego<\/h2> <p><strong>Styl wn\u0119trz skandynawski<\/strong> jest bardzo wyj\u0105tkowy, dlatego te\u017c ka\u017cdy od razu go rozpozna. Na rynku nie brakuje <strong>skandynawskich mebli<\/strong>, <strong>akcesori\u00f3w<\/strong> oraz <strong>dodatk\u00f3w w stylu skandynawskim<\/strong>, kt\u00f3re umo\u017cliwiaj\u0105 stworzenie przepi\u0119knych aran\u017cacji w stylu skandynawskim. Zastan\u00f3wmy si\u0119 jednak, jakie konkretnie element wyr\u00f3\u017cniaj\u0105 ten styl? Z pewno\u015bci\u0105 s\u0105 to jasne kolory, w\u015br\u00f3d kt\u00f3rych kr\u00f3luje biel. W tych oto barwach najcz\u0119\u015bciej mo\u017cemy spotka\u0107<strong> \u015bciany we wn\u0119trzach skandynawskich<\/strong> oraz <strong>skandynawskie meble<\/strong>. Charakterystyczne s\u0105 tak\u017ce okna, kt\u00f3re pozostaj\u0105 nie zas\u0142oni\u0119te \u017cadnymi firanami b\u0105d\u017a zas\u0142onami. Wa\u017cne jest, aby do wn\u0119trza domu dociera\u0142o jak najwi\u0119cej \u015bwiat\u0142a. Opisuj\u0105c <strong>styl skandynawski<\/strong> nie mo\u017cna pomin\u0105\u0107 du\u017cej ilo\u015bci drewnianych dodatk\u00f3w. Zar\u00f3wno meble, akcesoria, jak i ca\u0142e wn\u0119trze cz\u0119sto bogate s\u0105 w drewniane akcenty. Podsumowuj\u0105c ca\u0142okszta\u0142t <strong>stylu skandynawskiego<\/strong> mo\u017cna okre\u015bli\u0107 go jako styl prosty, minimalistyczny i funkcjonalny.<\/p>\n<h3>Meble w stylu skandynawskim<\/h3> <p>Przyjrzyjmy si\u0119 teraz bardziej szczeg\u00f3\u0142owo<strong> skandynawskim meblom<\/strong>. Jak wspomnieli\u015bmy, w\u015br\u00f3d nich przewa\u017caj\u0105 produkty o jasnych barwach, kt\u00f3re rozja\u015bniaj\u0105 wn\u0119trze i optycznie czyni\u0105 je wi\u0119kszym. Dla<strong> stylu skandynawskiego<\/strong> bardzo popularne s\u0105 <strong>wygodne<\/strong>, <a href=\"https:\/\/meblekukulka.pl\/308-kanapy-skandynawskie\">tapicerowane kanapy<\/a> oraz <a href=\"https:\/\/meblekukulka.pl\/291-sofy-skandynawskie\">sofy skandynawskie<\/a>. Nie mog\u0142oby zabrakn\u0105\u0107 tak\u017ce solidnych kom\u00f3d lub rega\u0142\u00f3w oraz delikatnych p\u00f3\u0142ek, kt\u00f3re upi\u0119kszaj\u0105 \u015bciany. Rzecz jasna, wiele <strong>mebli w stylu skandynawskim<\/strong> posiada charakterystyczne <strong>drewniane n\u00f3\u017cki<\/strong>, kt\u00f3re nadaj\u0105 im subtelno\u015bci, delikatno\u015bci i stylu. Je\u015bli zatem chcia\u0142by\u015b wprowadzi\u0107 nieco <strong>skandynawskiego designu<\/strong> do swojego domu \u2013 sprawd\u017a ofert\u0119 naszego sklepu Meble Kuku\u0142ka, w kt\u00f3rej znajdziesz wiele wspania\u0142ych <a href=\"https:\/\/meblekukulka.pl\/275-styl-skandynawski\">mebli w stylu skandynawskim<\/a>.<\/p>","_links":{"self":[{"href":"https:\/\/meblekukulka.pl\/blog\/wp-json\/wp\/v2\/posts\/1406"}],"collection":[{"href":"https:\/\/meblekukulka.pl\/blog\/wp-json\/wp\/v2\/posts"}],"about":[{"href":"https:\/\/meblekukulka.pl\/blog\/wp-json\/wp\/v2\/types\/post"}],"author":[{"embeddable":true,"href":"https:\/\/meblekukulka.pl\/blog\/wp-json\/wp\/v2\/users\/9"}],"replies":[{"embeddable":true,"href":"https:\/\/meblekukulka.pl\/blog\/wp-json\/wp\/v2\/comments?post=1406"}],"version-history":[{"count":6,"href":"https:\/\/meblekukulka.pl\/blog\/wp-json\/wp\/v2\/posts\/1406\/revisions"}],"predecessor-version":[{"id":1420,"href":"https:\/\/meblekukulka.pl\/blog\/wp-json\/wp\/v2\/posts\/1406\/revisions\/1420"}],"wp:featuredmedia":[{"embeddable":true,"href":"https:\/\/meblekukulka.pl\/blog\/wp-json\/wp\/v2\/media\/1419"}],"wp:attachment":[{"href":"https:\/\/meblekukulka.pl\/blog\/wp-json\/wp\/v2\/media?parent=1406"}],"wp:term":[{"taxonomy":"category","embeddable":true,"href":"https:\/\/meblekukulka.pl\/blog\/wp-json\/wp\/v2\/categories?post=1406"},{"taxonomy":"post_tag","embeddable":true,"href":"https:\/\/meblekukulka.pl\/blog\/wp-json\/wp\/v2\/tags?post=1406"}],"curies":[{"name":"wp","href":"https:\/\/api.w.org\/{rel}","templated":true}]}}