{"id":1334,"date":"2022-10-04T08:57:58","date_gmt":"2022-10-04T08:57:58","guid":{"rendered":"https:\/\/www.meblekukulka.pl\/blog\/jaka-szafa-do-przedpokoju-copy-copy\/"},"modified":"2023-01-16T17:04:25","modified_gmt":"2023-01-16T17:04:25","slug":"meble-do-malego-pokoju-czyli-jak-zaaranzowac-male-pomieszczenie","status":"publish","type":"post","link":"https:\/\/meblekukulka.pl\/blog\/meble-do-malego-pokoju-czyli-jak-zaaranzowac-male-pomieszczenie\/","title":{"rendered":"Meble do ma\u0142ego pokoju czyli jak zaaran\u017cowa\u0107 ma\u0142e pomieszczenie"},"content":{"rendered":"<!--themify_builder_content-->\n<div id=\"themify_builder_content-1334\" data-postid=\"1334\" class=\"themify_builder_content themify_builder_content-1334 themify_builder tf_clear\">\n    \t<!-- module_row -->\n\t<div  data-lazy=\"1\" class=\"module_row themify_builder_row tb_a97f331 tb_first tf_clearfix\">\n\t    \t\t<div class=\"row_inner col_align_top col-count-1 tf_box tf_w tf_rel\">\n\t\t\t<div  data-lazy=\"1\" class=\"module_column tb-column col-full first tb_suo4887 tf_box\">\n\t\t\t    \t        <div class=\"tb-column-inner tf_box tf_w\">\n\t\t    <!-- module text -->\n<div  class=\"module module-text tb_qc6o818   \" data-lazy=\"1\">\n        <div  class=\"tb_text_wrap\">\n    <p>Aran\u017cacja wn\u0119trza to proces, kt\u00f3ry wymaga kreatywno\u015bci i pomys\u0142owo\u015bci. Zdarza si\u0119 jednak, \u017ce niekt\u00f3rzy maj\u0105 mniejszy czy wi\u0119kszy problem podczas projektowania poszczeg\u00f3lnych pomieszcze\u0144 w mieszkaniu czy domu. Szczeg\u00f3lnie trudne do zaaran\u017cowania s\u0105 pomieszczenia o ma\u0142ym metra\u017cu. W ko\u0144cu musimy zmie\u015bci\u0107 w nich r\u00f3\u017cne meble, aby spe\u0142nia\u0142y one okre\u015blone funkcje, a przy tym pozostawa\u0142y wygodne i stylowe. W\u0142a\u015bnie dlatego przygotowali\u015bmy nasz artyku\u0142, w kt\u00f3rym podpowiemy <strong>jak urz\u0105dzi\u0107 ma\u0142y pok\u00f3j<\/strong> i <strong>jakie meble do ma\u0142ego pokoju<\/strong> warto wybra\u0107!<\/p>    <\/div>\n<\/div>\n<!-- \/module text --><!-- module template_part -->\n<div  class=\"module module-layout-part tb_6p3o888 \">\n    <div class=\"tb_layout_part_wrap tf_w\">\n<!--themify_builder_content-->\n    <div  class=\"themify_builder_content themify_builder_content-1291 themify_builder not_editable_builder in_the_loop\" data-postid=\"1291\">\n        \t<!-- module_row -->\n\t<div  data-lazy=\"1\" class=\"module_row themify_builder_row tb_7met93 tf_clearfix\">\n\t    \t\t<div class=\"row_inner col_align_top col-count-1 tf_box tf_w tf_rel\">\n\t\t\t<div  data-lazy=\"1\" class=\"module_column tb-column col-full first tb_hxqr94 tf_box\">\n\t\t\t    \t        <div class=\"tb-column-inner tf_box tf_w\">\n\t\t    <!-- module text -->\n<div  class=\"module module-text tb_2w0g783   \" data-lazy=\"1\">\n        <div  class=\"tb_text_wrap\">\n    <h2>Sprawd\u017a najlepsze meble w naszym sklepie meblekukulka.pl<\/h2>    <\/div>\n<\/div>\n<!-- \/module text -->\t        <\/div>\n\t    \t<\/div>\n\t\t    <\/div>\n\t    <!-- \/row_inner -->\n\t<\/div>\n\t<!-- \/module_row -->\n\t    <\/div>\n<!--\/themify_builder_content-->\n<\/div>\n<\/div>\n<!-- \/module template_part -->\n<!-- module template_part -->\n<div  class=\"module module-layout-part tb_g5dg048 \">\n    <div class=\"tb_layout_part_wrap tf_w\">\n<!--themify_builder_content-->\n    <div  class=\"themify_builder_content themify_builder_content-1289 themify_builder not_editable_builder in_the_loop\" data-postid=\"1289\">\n        \t<!-- module_row -->\n\t<div  data-lazy=\"1\" class=\"module_row themify_builder_row tb_mf43696 tf_clearfix\" >\n\t    \t\t<div class=\"row_inner col_align_top col-count-4 tf_box tf_w tf_rel\">\n\t\t\t<div  data-lazy=\"1\" class=\"module_column tb-column col4-1 first tb_g4bw696 repeat tf_box\">\n\t\t\t    \t        <div class=\"tb-column-inner tf_box tf_w\">\n\t\t    <!-- module image -->\n<div  class=\"module module-image tb_l0zr696   image-full-overlay auto_fullwidth tf_mw\" data-lazy=\"1\">\n        <div class=\"image-wrap tf_rel tf_mw\">\n\t\t    <a href=\"https:\/\/meblekukulka.pl\/30-sofy-tapicerowane\"\n\t       \t       >\n\t\t   \t\t<img loading=\"lazy\" decoding=\"async\" src=\"https:\/\/meblekukulka.pl\/blog\/wp-content\/uploads\/2023\/04\/living-room-g0135a726e_1280-1024x682-200x160.jpg\" width=\"200\" height=\"160\" class=\"wp-post-image wp-image-1529\" title=\"Sofy\" alt=\"Sofy tapicerowane\">\t    <\/a>\n\t\n\t\t<\/div>\n\t<!-- \/image-wrap -->\n    \n    \t<div class=\"image-content tf_overflow\">\n\t    \t\t\t<h3 class=\"image-title\">\n\t\t\t\t\t\t\t\t\t<a href=\"https:\/\/meblekukulka.pl\/30-sofy-tapicerowane\" \n\t\t\t\t\t   \t\t\t\t\t   >\n\t\t\t\t\t\t   Sofy\t\t\t\t\t<\/a>\n\t\t\t\t\t\t\t<\/h3>\n\t    \n\t    \t<\/div>\n\t<!-- \/image-content -->\n    \t<\/div>\n<!-- \/module image -->\t        <\/div>\n\t    \t<\/div>\n\t\t<div  data-lazy=\"1\" class=\"module_column tb-column col4-1 second tb_c6nh696 tf_box\">\n\t\t\t    \t        <div class=\"tb-column-inner tf_box tf_w\">\n\t\t    <!-- module image -->\n<div  class=\"module module-image tb_6d9l696   image-full-overlay auto_fullwidth tf_mw\" data-lazy=\"1\">\n        <div class=\"image-wrap tf_rel tf_mw\">\n\t\t    <a href=\"https:\/\/meblekukulka.pl\/16-kanapy-tapicerowane\"\n\t       \t       >\n\t\t   \t\t<img loading=\"lazy\" decoding=\"async\" src=\"https:\/\/meblekukulka.pl\/blog\/wp-content\/uploads\/2023\/04\/sofa-g6ef369d14_1280-1024x667-200x160.jpg\" width=\"200\" height=\"160\" class=\"wp-post-image wp-image-1532\" title=\"Kanapy\" alt=\"Kanapy tapicerowane\">\t    <\/a>\n\t\n\t\t<\/div>\n\t<!-- \/image-wrap -->\n    \n    \t<div class=\"image-content tf_overflow\">\n\t    \t\t\t<h3 class=\"image-title\">\n\t\t\t\t\t\t\t\t\t<a href=\"https:\/\/meblekukulka.pl\/16-kanapy-tapicerowane\" \n\t\t\t\t\t   \t\t\t\t\t   >\n\t\t\t\t\t\t   Kanapy\t\t\t\t\t<\/a>\n\t\t\t\t\t\t\t<\/h3>\n\t    \n\t    \t<\/div>\n\t<!-- \/image-content -->\n    \t<\/div>\n<!-- \/module image -->\t        <\/div>\n\t    \t<\/div>\n\t\t<div  data-lazy=\"1\" class=\"module_column tb-column col4-1 third tb_8l2f696 tf_box\">\n\t\t\t    \t        <div class=\"tb-column-inner tf_box tf_w\">\n\t\t    <!-- module image -->\n<div  class=\"module module-image tb_7vyr696   image-full-overlay auto_fullwidth tf_mw\" data-lazy=\"1\">\n        <div class=\"image-wrap tf_rel tf_mw\">\n\t\t    <a href=\"https:\/\/meblekukulka.pl\/22-lozka-tapicerowane-i-drewniane\"\n\t       \t       >\n\t\t   \t\t<img loading=\"lazy\" decoding=\"async\" src=\"https:\/\/meblekukulka.pl\/blog\/wp-content\/uploads\/2023\/04\/bedroom-g61dbb7d13_1280-3-1024x682-200x160.jpg\" width=\"200\" height=\"160\" class=\"wp-post-image wp-image-1528\" title=\"\u0141\u00f3\u017cka\" alt=\"\u0141\u00f3\u017cka tapicerowane\">\t    <\/a>\n\t\n\t\t<\/div>\n\t<!-- \/image-wrap -->\n    \n    \t<div class=\"image-content tf_overflow\">\n\t    \t\t\t<h3 class=\"image-title\">\n\t\t\t\t\t\t\t\t\t<a href=\"https:\/\/meblekukulka.pl\/22-lozka-tapicerowane-i-drewniane\" \n\t\t\t\t\t   \t\t\t\t\t   >\n\t\t\t\t\t\t   \u0141\u00f3\u017cka\t\t\t\t\t<\/a>\n\t\t\t\t\t\t\t<\/h3>\n\t    \n\t    \t<\/div>\n\t<!-- \/image-content -->\n    \t<\/div>\n<!-- \/module image -->\t        <\/div>\n\t    \t<\/div>\n\t\t<div  data-lazy=\"1\" class=\"module_column tb-column col4-1 last tb_9kxr696 repeat tf_box\">\n\t\t\t    \t        <div class=\"tb-column-inner tf_box tf_w\">\n\t\t    <!-- module image -->\n<div  class=\"module module-image tb_ase2696   image-full-overlay auto_fullwidth tf_mw\" data-lazy=\"1\">\n        <div class=\"image-wrap tf_rel tf_mw\">\n\t\t    <a href=\"https:\/\/meblekukulka.pl\/12-fotele-tapicerowane\"\n\t       \t       >\n\t\t   \t\t<img loading=\"lazy\" decoding=\"async\" src=\"https:\/\/meblekukulka.pl\/blog\/wp-content\/uploads\/2022\/01\/design-gaf2c29ee1_1920-820x1024-200x160.jpg\" width=\"200\" height=\"160\" class=\"wp-post-image wp-image-1089\" title=\"Fotele\" alt=\"Fotele tapicerowane\">\t    <\/a>\n\t\n\t\t<\/div>\n\t<!-- \/image-wrap -->\n    \n    \t<div class=\"image-content tf_overflow\">\n\t    \t\t\t<h3 class=\"image-title\">\n\t\t\t\t\t\t\t\t\t<a href=\"https:\/\/meblekukulka.pl\/12-fotele-tapicerowane\" \n\t\t\t\t\t   \t\t\t\t\t   >\n\t\t\t\t\t\t   Fotele\t\t\t\t\t<\/a>\n\t\t\t\t\t\t\t<\/h3>\n\t    \n\t    \t<\/div>\n\t<!-- \/image-content -->\n    \t<\/div>\n<!-- \/module image -->\t        <\/div>\n\t    \t<\/div>\n\t\t    <\/div>\n\t    <!-- \/row_inner -->\n\t<\/div>\n\t<!-- \/module_row -->\n\t    <\/div>\n<!--\/themify_builder_content-->\n<\/div>\n<\/div>\n<!-- \/module template_part -->\n<!-- module text -->\n<div  class=\"module module-text tb_ww1e880   \" data-lazy=\"1\">\n        <div  class=\"tb_text_wrap\">\n    <h2>Meble do ma\u0142ego pokoju w bloku i nie tylko \u2013 czym si\u0119 kierowa\u0107?<\/h2>\n<p><strong>Ma\u0142y pok\u00f3j<\/strong> to pomieszczenie, kt\u00f3re podobnie jak inne mo\u017ce by\u0107 przytulne, komfortowe i praktyczne. Wystarczy, \u017ce odpowiednio zaplanujemy jego aran\u017cacje i przemy\u015blimy, jakie meble b\u0119d\u0105 w nim najbardziej przydatne. Zanim jednak przejdziemy do tematu<strong> mebli w ma\u0142ym pokoju<\/strong>, zacznijmy od samego projektu wn\u0119trza. Na wst\u0119pie powinni\u015bmy zastanowi\u0107 si\u0119 nad <strong>kolorem \u015bcian w ma\u0142ym pokoju<\/strong>. Najlepsz\u0105 opcj\u0105 b\u0119d\u0105 kolory jasne, kt\u00f3re dodatkowo rozja\u015bniaj\u0105 ma\u0142e pomieszczenie i sprawi\u0105, \u017ce stanie si\u0119 ono optycznie wi\u0119ksze. Ciekawym pomys\u0142em jest tak\u017ce wykorzystanie <strong>lustra w ma\u0142ym pokoju<\/strong>. To tak\u017ce pomo\u017ce wizualnie powi\u0119kszy\u0107 <strong>ma\u0142y pok\u00f3j<\/strong> i sprawi\u0107 wra\u017cenie, jakby by\u0142 nieco wi\u0119kszy. Teraz mo\u017cemy przej\u015b\u0107 do g\u0142\u00f3wnego tematu, czyli <strong>mebli do ma\u0142ego pokoju<\/strong>. Dobrze, aby r\u00f3wnie\u017c one cechowa\u0142y si\u0119 jasnymi kolorami, co \u015bwietnie b\u0119dzie komponowa\u0107 si\u0119 z jasnymi \u015bcianami i nie przyt\u0142oczy pomieszczenia.<\/p>\n<h2>Jakie meble do ma\u0142ego pokoju?<\/h2>\n<p>Kiedy wiesz ju\u017c czym nale\u017cy si\u0119 kierowa\u0107 podczas dobierania <strong>mebli do ma\u0142ego pomieszczenia<\/strong>, mo\u017cemy przej\u015b\u0107 do kolejnego kroku. Jest nim kwestia tego jakie konkretnie meble przydadz\u0105 si\u0119 w mniejszym pokoju. Najlepszymi, a przede wszystkim funkcjonalnymi, rozwi\u0105zaniami b\u0119d\u0105<strong> meble wielofunkcyjne<\/strong> czy tzw. <strong>meble systemowe<\/strong>. Dzi\u0119ki temu zaoszcz\u0119dzimy sporo miejsca, a jednocze\u015bnie zyskamy mebel o wielu zastosowaniach. Przyk\u0142adem mo\u017ce by\u0107 <a href=\"https:\/\/meblekukulka.pl\/36-kanapy-rozkladane\">kanapa rozk\u0142adana<\/a> czy <a href=\"https:\/\/meblekukulka.pl\/261-sofy-z-funkcja-spania\">sofa z funkcj\u0105 spania<\/a>. To bardzo wygodne <strong>meble wypoczynkowe do ma\u0142ego pokoju<\/strong>, kt\u00f3re podczas dnia b\u0119d\u0105 pe\u0142ni\u0142y swoj\u0105 naturaln\u0105 funkcj\u0119, a w nocy mog\u0105 zmieni\u0107 si\u0119 w przestronne \u0142\u00f3\u017cko. Innymi, r\u00f3wnie\u017c wartymi uwagi meblami s\u0105 np. rozk\u0142adany stolik czy fotel z dodatkowym schowkiem. Mo\u017cna pomy\u015ble\u0107 r\u00f3wnie\u017c o klasycznym <a href=\"https:\/\/meblekukulka.pl\/12-fotele-tapicerowane\">fotelu tapicerowanym<\/a>, kt\u00f3ry co prawda zajmie odrobin\u0119 przestrzeni, jednak nada wn\u0119trzu niepowtarzalnego charakteru i stylu. W dalszej kolejno\u015bci trzeba pomy\u015ble\u0107 <strong>p\u00f3\u0142kach<\/strong> czy <strong>rega\u0142ach<\/strong>. Doskonale spisz\u0105 si\u0119 <a href=\"https:\/\/meblekukulka.pl\/44-polki-wiszace\">p\u00f3\u0142ki wisz\u0105ce<\/a>, kt\u00f3re po zamontowaniu na \u015bcianie nie b\u0119d\u0105 zajmowa\u0107 wolnego miejsca, a jednocze\u015bnie b\u0119d\u0105 oferowa\u0107 miejsce na r\u00f3\u017cne przedmioty i dekoracje. Opr\u00f3cz tego przyda si\u0119 te\u017c <strong>komoda<\/strong> b\u0105d\u017a <strong>szafa<\/strong>. W tym przypadku szczeg\u00f3lnie zach\u0119camy do wyboru <a href=\"https:\/\/meblekukulka.pl\/51-szafy-z-lustrem\">szafy z lustrem<\/a>, kt\u00f3re jak wspominali\u015bmy wcze\u015bniej, r\u00f3wnie\u017c ma du\u017cy wp\u0142yw na optyczne powi\u0119kszenie pokoju.<\/p>\n<h3>Meble do ma\u0142ego pokoju w Meble Kuku\u0142ka<\/h3>\n<p>Mamy nadziej\u0119, \u017ce z nasz\u0105 pomoc\u0105 \u0142atwiej Ci b\u0119dzie <strong>urz\u0105dzi\u0107 ma\u0142y pok\u00f3j<\/strong> w swoim domu czy mieszkaniu. Jest jeszcze jedna rzecz, w kt\u00f3rej mo\u017cemy Ci pom\u00f3c. W naszym internetowym sklepie Meble Kuku\u0142ka znajdziesz liczne <strong>meble do ma\u0142ego pokoju<\/strong>, kt\u00f3re umo\u017cliwi\u0105 Ci stworzenie fantastycznego, komfortowego i stylowego wn\u0119trza. Przekonaj si\u0119 sam \u2013 odkryj nasz\u0105 ofert\u0119 i kup <a href=\"https:\/\/meblekukulka.pl\/57-pokoj-dzienny\">meble do ma\u0142ego pokoju<\/a> z Meble Kuku\u0142ka ju\u017c dzisiaj!<\/p>    <\/div>\n<\/div>\n<!-- \/module text -->\t        <\/div>\n\t    \t<\/div>\n\t\t    <\/div>\n\t    <!-- \/row_inner -->\n\t<\/div>\n\t<!-- \/module_row -->\n\t<\/div>\n<!--\/themify_builder_content-->\n","protected":false},"excerpt":{"rendered":"<p>Aran\u017cacja wn\u0119trza to proces, kt\u00f3ry wymaga kreatywno\u015bci i pomys\u0142owo\u015bci. Zdarza si\u0119 jednak, \u017ce niekt\u00f3rzy maj\u0105 mniejszy czy wi\u0119kszy problem podczas projektowania poszczeg\u00f3lnych pomieszcze\u0144 w mieszkaniu czy domu. Szczeg\u00f3lnie trudne do zaaran\u017cowania s\u0105 pomieszczenia o ma\u0142ym metra\u017cu. W ko\u0144cu musimy zmie\u015bci\u0107 w nich r\u00f3\u017cne meble, aby spe\u0142nia\u0142y one okre\u015blone funkcje, a przy tym pozostawa\u0142y wygodne i [&hellip;]<\/p>\n","protected":false},"author":9,"featured_media":1343,"comment_status":"open","ping_status":"closed","sticky":false,"template":"","format":"standard","meta":{"footnotes":""},"categories":[1,3],"tags":[],"class_list":["post-1334","post","type-post","status-publish","format-standard","has-post-thumbnail","hentry","category-inspiracje","category-porady","has-post-title","has-post-date","has-post-category","has-post-tag","has-post-comment","has-post-author",""],"yoast_head":"<!-- This site is optimized with the Yoast SEO plugin v23.1 - https:\/\/yoast.com\/wordpress\/plugins\/seo\/ -->\n<title>Meble do ma\u0142ego pokoju czyli jak zaaran\u017cowa\u0107 ma\u0142e pomieszczenie | Blog Meble Kuku\u0142ka<\/title>\n<meta name=\"description\" content=\"Blog Meble Kuku\u0142ka - Meble do ma\u0142ego pokoju czyli jak zaaran\u017cowa\u0107 ma\u0142e pomieszczenie - Porady i ciekawostki ze \u015bwiata wn\u0119trz i aran\u017cacji.\" \/>\n<meta name=\"robots\" content=\"index, follow, max-snippet:-1, max-image-preview:large, max-video-preview:-1\" \/>\n<link rel=\"canonical\" href=\"https:\/\/meblekukulka.pl\/blog\/meble-do-malego-pokoju-czyli-jak-zaaranzowac-male-pomieszczenie\/\" \/>\n<meta property=\"og:locale\" content=\"pl_PL\" \/>\n<meta property=\"og:type\" content=\"article\" \/>\n<meta property=\"og:title\" content=\"Meble do ma\u0142ego pokoju czyli jak zaaran\u017cowa\u0107 ma\u0142e pomieszczenie | Blog Meble Kuku\u0142ka\" \/>\n<meta property=\"og:description\" content=\"Blog Meble Kuku\u0142ka - Meble do ma\u0142ego pokoju czyli jak zaaran\u017cowa\u0107 ma\u0142e pomieszczenie - Porady i ciekawostki ze \u015bwiata wn\u0119trz i aran\u017cacji.\" \/>\n<meta property=\"og:url\" content=\"https:\/\/meblekukulka.pl\/blog\/meble-do-malego-pokoju-czyli-jak-zaaranzowac-male-pomieszczenie\/\" \/>\n<meta property=\"og:site_name\" content=\"Blog Meble Kuku\u0142ka\" \/>\n<meta property=\"article:publisher\" content=\"https:\/\/www.facebook.com\/meblekukulka\/\" \/>\n<meta property=\"article:published_time\" content=\"2022-10-04T08:57:58+00:00\" \/>\n<meta property=\"article:modified_time\" content=\"2023-01-16T17:04:25+00:00\" \/>\n<meta property=\"og:image\" content=\"https:\/\/meblekukulka.pl\/blog\/wp-content\/uploads\/2022\/10\/render-g729244519_1280.jpg\" \/>\n\t<meta property=\"og:image:width\" content=\"1280\" \/>\n\t<meta property=\"og:image:height\" content=\"640\" \/>\n\t<meta property=\"og:image:type\" content=\"image\/jpeg\" \/>\n<meta name=\"author\" content=\"Redakcja meblekuku\u0142ka\" \/>\n<meta name=\"twitter:card\" content=\"summary_large_image\" \/>\n<meta name=\"twitter:label1\" content=\"Napisane przez\" \/>\n\t<meta name=\"twitter:data1\" content=\"Redakcja meblekuku\u0142ka\" \/>\n<script type=\"application\/ld+json\" class=\"yoast-schema-graph\">{\"@context\":\"https:\/\/schema.org\",\"@graph\":[{\"@type\":\"WebPage\",\"@id\":\"https:\/\/meblekukulka.pl\/blog\/meble-do-malego-pokoju-czyli-jak-zaaranzowac-male-pomieszczenie\/\",\"url\":\"https:\/\/meblekukulka.pl\/blog\/meble-do-malego-pokoju-czyli-jak-zaaranzowac-male-pomieszczenie\/\",\"name\":\"Meble do ma\u0142ego pokoju czyli jak zaaran\u017cowa\u0107 ma\u0142e pomieszczenie | Blog Meble Kuku\u0142ka\",\"isPartOf\":{\"@id\":\"https:\/\/meblekukulka.pl\/blog\/#website\"},\"primaryImageOfPage\":{\"@id\":\"https:\/\/meblekukulka.pl\/blog\/meble-do-malego-pokoju-czyli-jak-zaaranzowac-male-pomieszczenie\/#primaryimage\"},\"image\":{\"@id\":\"https:\/\/meblekukulka.pl\/blog\/meble-do-malego-pokoju-czyli-jak-zaaranzowac-male-pomieszczenie\/#primaryimage\"},\"thumbnailUrl\":\"https:\/\/meblekukulka.pl\/blog\/wp-content\/uploads\/2022\/10\/render-g729244519_1280.jpg\",\"datePublished\":\"2022-10-04T08:57:58+00:00\",\"dateModified\":\"2023-01-16T17:04:25+00:00\",\"author\":{\"@id\":\"https:\/\/meblekukulka.pl\/blog\/#\/schema\/person\/423fc8d598bc317d47773d31ecdd4162\"},\"description\":\"Blog Meble Kuku\u0142ka - Meble do ma\u0142ego pokoju czyli jak zaaran\u017cowa\u0107 ma\u0142e pomieszczenie - Porady i ciekawostki ze \u015bwiata wn\u0119trz i aran\u017cacji.\",\"breadcrumb\":{\"@id\":\"https:\/\/meblekukulka.pl\/blog\/meble-do-malego-pokoju-czyli-jak-zaaranzowac-male-pomieszczenie\/#breadcrumb\"},\"inLanguage\":\"pl-PL\",\"potentialAction\":[{\"@type\":\"ReadAction\",\"target\":[\"https:\/\/meblekukulka.pl\/blog\/meble-do-malego-pokoju-czyli-jak-zaaranzowac-male-pomieszczenie\/\"]}]},{\"@type\":\"ImageObject\",\"inLanguage\":\"pl-PL\",\"@id\":\"https:\/\/meblekukulka.pl\/blog\/meble-do-malego-pokoju-czyli-jak-zaaranzowac-male-pomieszczenie\/#primaryimage\",\"url\":\"https:\/\/meblekukulka.pl\/blog\/wp-content\/uploads\/2022\/10\/render-g729244519_1280.jpg\",\"contentUrl\":\"https:\/\/meblekukulka.pl\/blog\/wp-content\/uploads\/2022\/10\/render-g729244519_1280.jpg\",\"width\":1280,\"height\":640},{\"@type\":\"BreadcrumbList\",\"@id\":\"https:\/\/meblekukulka.pl\/blog\/meble-do-malego-pokoju-czyli-jak-zaaranzowac-male-pomieszczenie\/#breadcrumb\",\"itemListElement\":[{\"@type\":\"ListItem\",\"position\":1,\"name\":\"Strona g\u0142\u00f3wna\",\"item\":\"https:\/\/meblekukulka.pl\/blog\/\"},{\"@type\":\"ListItem\",\"position\":2,\"name\":\"Meble do ma\u0142ego pokoju czyli jak zaaran\u017cowa\u0107 ma\u0142e pomieszczenie\"}]},{\"@type\":\"WebSite\",\"@id\":\"https:\/\/meblekukulka.pl\/blog\/#website\",\"url\":\"https:\/\/meblekukulka.pl\/blog\/\",\"name\":\"Blog Meble Kuku\u0142ka\",\"description\":\"\",\"potentialAction\":[{\"@type\":\"SearchAction\",\"target\":{\"@type\":\"EntryPoint\",\"urlTemplate\":\"https:\/\/meblekukulka.pl\/blog\/?s={search_term_string}\"},\"query-input\":\"required name=search_term_string\"}],\"inLanguage\":\"pl-PL\"},{\"@type\":\"Person\",\"@id\":\"https:\/\/meblekukulka.pl\/blog\/#\/schema\/person\/423fc8d598bc317d47773d31ecdd4162\",\"name\":\"Redakcja meblekuku\u0142ka\",\"description\":\"Meble Kuku\u0142ka to internetowy sklep z meblami, a jednocze\u015bnie producent mebli tapicerowanych, kt\u00f3ry ju\u017c od wielu lat urz\u0105dza wn\u0119trza tysi\u0119cy ludzi. Poprzez tworzenie mebli zdobyli\u015bmy wiele umiej\u0119tno\u015bci oraz do\u015bwiadczenie, kt\u00f3re teraz wykorzystujemy, aby pomaga\u0107 innym w aran\u017cacji ich dom\u00f3w i mieszka\u0144. Jako Meble Kuku\u0142kanieustannie \u015bledzimy najnowsze trendy, z kt\u00f3rych czerpiemy inspiracje i dzielimy si\u0119 nimi na naszym blogu. Dzi\u0119ki temu umo\u017cliwiamy innym stworzenie stylowych i modnych wn\u0119trz o r\u00f3\u017cnym charakterze. Z naszej strony zawsze mo\u017cesz liczy\u0107 na cenne porady, przewodniki, a tak\u017ce zainspirowa\u0107 si\u0119 naszymi pomys\u0142ami lub odkry\u0107 nowo\u015bci ze \u015bwiata designu. Je\u015bli wi\u0119c brakuje Ci wizji na urz\u0105dzenie poszczeg\u00f3lnych pomieszcze\u0144, nie wiesz jak dobra\u0107 najlepsze meble lub jak je ustawi\u0107 czy sprawi\u0107, by zachowa\u0142y sw\u00f3j wygl\u0105d na lata \u2013 sprawd\u017a rady od Meble Kuku\u0142ka! Zapewniamy, \u017ce jako bezpo\u015bredni producent mebli zawsze odpowiednio Ci doradzimy oraz przeprowadzimy Ci\u0119 przez etap urz\u0105dzania domu od A do Z. Na swoim koncie posiadamy ju\u017c ponad 3000 umeblowanych mieszka\u0144 \u2013 do\u0142\u0105czysz do nich?\"}]}<\/script>\n<!-- \/ Yoast SEO plugin. -->","yoast_head_json":{"title":"Meble do ma\u0142ego pokoju czyli jak zaaran\u017cowa\u0107 ma\u0142e pomieszczenie | Blog Meble Kuku\u0142ka","description":"Blog Meble Kuku\u0142ka - Meble do ma\u0142ego pokoju czyli jak zaaran\u017cowa\u0107 ma\u0142e pomieszczenie - Porady i ciekawostki ze \u015bwiata wn\u0119trz i aran\u017cacji.","robots":{"index":"index","follow":"follow","max-snippet":"max-snippet:-1","max-image-preview":"max-image-preview:large","max-video-preview":"max-video-preview:-1"},"canonical":"https:\/\/meblekukulka.pl\/blog\/meble-do-malego-pokoju-czyli-jak-zaaranzowac-male-pomieszczenie\/","og_locale":"pl_PL","og_type":"article","og_title":"Meble do ma\u0142ego pokoju czyli jak zaaran\u017cowa\u0107 ma\u0142e pomieszczenie | Blog Meble Kuku\u0142ka","og_description":"Blog Meble Kuku\u0142ka - Meble do ma\u0142ego pokoju czyli jak zaaran\u017cowa\u0107 ma\u0142e pomieszczenie - Porady i ciekawostki ze \u015bwiata wn\u0119trz i aran\u017cacji.","og_url":"https:\/\/meblekukulka.pl\/blog\/meble-do-malego-pokoju-czyli-jak-zaaranzowac-male-pomieszczenie\/","og_site_name":"Blog Meble Kuku\u0142ka","article_publisher":"https:\/\/www.facebook.com\/meblekukulka\/","article_published_time":"2022-10-04T08:57:58+00:00","article_modified_time":"2023-01-16T17:04:25+00:00","og_image":[{"width":1280,"height":640,"url":"https:\/\/meblekukulka.pl\/blog\/wp-content\/uploads\/2022\/10\/render-g729244519_1280.jpg","type":"image\/jpeg"}],"author":"Redakcja meblekuku\u0142ka","twitter_card":"summary_large_image","twitter_misc":{"Napisane przez":"Redakcja meblekuku\u0142ka"},"schema":{"@context":"https:\/\/schema.org","@graph":[{"@type":"WebPage","@id":"https:\/\/meblekukulka.pl\/blog\/meble-do-malego-pokoju-czyli-jak-zaaranzowac-male-pomieszczenie\/","url":"https:\/\/meblekukulka.pl\/blog\/meble-do-malego-pokoju-czyli-jak-zaaranzowac-male-pomieszczenie\/","name":"Meble do ma\u0142ego pokoju czyli jak zaaran\u017cowa\u0107 ma\u0142e pomieszczenie | Blog Meble Kuku\u0142ka","isPartOf":{"@id":"https:\/\/meblekukulka.pl\/blog\/#website"},"primaryImageOfPage":{"@id":"https:\/\/meblekukulka.pl\/blog\/meble-do-malego-pokoju-czyli-jak-zaaranzowac-male-pomieszczenie\/#primaryimage"},"image":{"@id":"https:\/\/meblekukulka.pl\/blog\/meble-do-malego-pokoju-czyli-jak-zaaranzowac-male-pomieszczenie\/#primaryimage"},"thumbnailUrl":"https:\/\/meblekukulka.pl\/blog\/wp-content\/uploads\/2022\/10\/render-g729244519_1280.jpg","datePublished":"2022-10-04T08:57:58+00:00","dateModified":"2023-01-16T17:04:25+00:00","author":{"@id":"https:\/\/meblekukulka.pl\/blog\/#\/schema\/person\/423fc8d598bc317d47773d31ecdd4162"},"description":"Blog Meble Kuku\u0142ka - Meble do ma\u0142ego pokoju czyli jak zaaran\u017cowa\u0107 ma\u0142e pomieszczenie - Porady i ciekawostki ze \u015bwiata wn\u0119trz i aran\u017cacji.","breadcrumb":{"@id":"https:\/\/meblekukulka.pl\/blog\/meble-do-malego-pokoju-czyli-jak-zaaranzowac-male-pomieszczenie\/#breadcrumb"},"inLanguage":"pl-PL","potentialAction":[{"@type":"ReadAction","target":["https:\/\/meblekukulka.pl\/blog\/meble-do-malego-pokoju-czyli-jak-zaaranzowac-male-pomieszczenie\/"]}]},{"@type":"ImageObject","inLanguage":"pl-PL","@id":"https:\/\/meblekukulka.pl\/blog\/meble-do-malego-pokoju-czyli-jak-zaaranzowac-male-pomieszczenie\/#primaryimage","url":"https:\/\/meblekukulka.pl\/blog\/wp-content\/uploads\/2022\/10\/render-g729244519_1280.jpg","contentUrl":"https:\/\/meblekukulka.pl\/blog\/wp-content\/uploads\/2022\/10\/render-g729244519_1280.jpg","width":1280,"height":640},{"@type":"BreadcrumbList","@id":"https:\/\/meblekukulka.pl\/blog\/meble-do-malego-pokoju-czyli-jak-zaaranzowac-male-pomieszczenie\/#breadcrumb","itemListElement":[{"@type":"ListItem","position":1,"name":"Strona g\u0142\u00f3wna","item":"https:\/\/meblekukulka.pl\/blog\/"},{"@type":"ListItem","position":2,"name":"Meble do ma\u0142ego pokoju czyli jak zaaran\u017cowa\u0107 ma\u0142e pomieszczenie"}]},{"@type":"WebSite","@id":"https:\/\/meblekukulka.pl\/blog\/#website","url":"https:\/\/meblekukulka.pl\/blog\/","name":"Blog Meble Kuku\u0142ka","description":"","potentialAction":[{"@type":"SearchAction","target":{"@type":"EntryPoint","urlTemplate":"https:\/\/meblekukulka.pl\/blog\/?s={search_term_string}"},"query-input":"required name=search_term_string"}],"inLanguage":"pl-PL"},{"@type":"Person","@id":"https:\/\/meblekukulka.pl\/blog\/#\/schema\/person\/423fc8d598bc317d47773d31ecdd4162","name":"Redakcja meblekuku\u0142ka","description":"Meble Kuku\u0142ka to internetowy sklep z meblami, a jednocze\u015bnie producent mebli tapicerowanych, kt\u00f3ry ju\u017c od wielu lat urz\u0105dza wn\u0119trza tysi\u0119cy ludzi. Poprzez tworzenie mebli zdobyli\u015bmy wiele umiej\u0119tno\u015bci oraz do\u015bwiadczenie, kt\u00f3re teraz wykorzystujemy, aby pomaga\u0107 innym w aran\u017cacji ich dom\u00f3w i mieszka\u0144. Jako Meble Kuku\u0142kanieustannie \u015bledzimy najnowsze trendy, z kt\u00f3rych czerpiemy inspiracje i dzielimy si\u0119 nimi na naszym blogu. Dzi\u0119ki temu umo\u017cliwiamy innym stworzenie stylowych i modnych wn\u0119trz o r\u00f3\u017cnym charakterze. Z naszej strony zawsze mo\u017cesz liczy\u0107 na cenne porady, przewodniki, a tak\u017ce zainspirowa\u0107 si\u0119 naszymi pomys\u0142ami lub odkry\u0107 nowo\u015bci ze \u015bwiata designu. Je\u015bli wi\u0119c brakuje Ci wizji na urz\u0105dzenie poszczeg\u00f3lnych pomieszcze\u0144, nie wiesz jak dobra\u0107 najlepsze meble lub jak je ustawi\u0107 czy sprawi\u0107, by zachowa\u0142y sw\u00f3j wygl\u0105d na lata \u2013 sprawd\u017a rady od Meble Kuku\u0142ka! Zapewniamy, \u017ce jako bezpo\u015bredni producent mebli zawsze odpowiednio Ci doradzimy oraz przeprowadzimy Ci\u0119 przez etap urz\u0105dzania domu od A do Z. Na swoim koncie posiadamy ju\u017c ponad 3000 umeblowanych mieszka\u0144 \u2013 do\u0142\u0105czysz do nich?"}]}},"builder_content":"<p>Aran\u017cacja wn\u0119trza to proces, kt\u00f3ry wymaga kreatywno\u015bci i pomys\u0142owo\u015bci. Zdarza si\u0119 jednak, \u017ce niekt\u00f3rzy maj\u0105 mniejszy czy wi\u0119kszy problem podczas projektowania poszczeg\u00f3lnych pomieszcze\u0144 w mieszkaniu czy domu. Szczeg\u00f3lnie trudne do zaaran\u017cowania s\u0105 pomieszczenia o ma\u0142ym metra\u017cu. W ko\u0144cu musimy zmie\u015bci\u0107 w nich r\u00f3\u017cne meble, aby spe\u0142nia\u0142y one okre\u015blone funkcje, a przy tym pozostawa\u0142y wygodne i stylowe. W\u0142a\u015bnie dlatego przygotowali\u015bmy nasz artyku\u0142, w kt\u00f3rym podpowiemy <strong>jak urz\u0105dzi\u0107 ma\u0142y pok\u00f3j<\/strong> i <strong>jakie meble do ma\u0142ego pokoju<\/strong> warto wybra\u0107!<\/p>\n<h2>Sprawd\u017a najlepsze meble w naszym sklepie meblekukulka.pl<\/h2>\n<a href=\"https:\/\/meblekukulka.pl\/30-sofy-tapicerowane\" > <img loading=\"lazy\" decoding=\"async\" src=\"https:\/\/meblekukulka.pl\/blog\/wp-content\/uploads\/2023\/04\/living-room-g0135a726e_1280-1024x682-200x160.jpg\" width=\"200\" height=\"160\" title=\"Sofy\" alt=\"Sofy tapicerowane\"> <\/a> <h3> <a href=\"https:\/\/meblekukulka.pl\/30-sofy-tapicerowane\" > Sofy <\/a> <\/h3> \n <a href=\"https:\/\/meblekukulka.pl\/16-kanapy-tapicerowane\" > <img loading=\"lazy\" decoding=\"async\" src=\"https:\/\/meblekukulka.pl\/blog\/wp-content\/uploads\/2023\/04\/sofa-g6ef369d14_1280-1024x667-200x160.jpg\" width=\"200\" height=\"160\" title=\"Kanapy\" alt=\"Kanapy tapicerowane\"> <\/a> <h3> <a href=\"https:\/\/meblekukulka.pl\/16-kanapy-tapicerowane\" > Kanapy <\/a> <\/h3> \n <a href=\"https:\/\/meblekukulka.pl\/22-lozka-tapicerowane-i-drewniane\" > <img loading=\"lazy\" decoding=\"async\" src=\"https:\/\/meblekukulka.pl\/blog\/wp-content\/uploads\/2023\/04\/bedroom-g61dbb7d13_1280-3-1024x682-200x160.jpg\" width=\"200\" height=\"160\" title=\"\u0141\u00f3\u017cka\" alt=\"\u0141\u00f3\u017cka tapicerowane\"> <\/a> <h3> <a href=\"https:\/\/meblekukulka.pl\/22-lozka-tapicerowane-i-drewniane\" > \u0141\u00f3\u017cka <\/a> <\/h3> \n <a href=\"https:\/\/meblekukulka.pl\/12-fotele-tapicerowane\" > <img loading=\"lazy\" decoding=\"async\" src=\"https:\/\/meblekukulka.pl\/blog\/wp-content\/uploads\/2022\/01\/design-gaf2c29ee1_1920-820x1024-200x160.jpg\" width=\"200\" height=\"160\" title=\"Fotele\" alt=\"Fotele tapicerowane\"> <\/a> <h3> <a href=\"https:\/\/meblekukulka.pl\/12-fotele-tapicerowane\" > Fotele <\/a> <\/h3>\n<h2>Meble do ma\u0142ego pokoju w bloku i nie tylko \u2013 czym si\u0119 kierowa\u0107?<\/h2> <p><strong>Ma\u0142y pok\u00f3j<\/strong> to pomieszczenie, kt\u00f3re podobnie jak inne mo\u017ce by\u0107 przytulne, komfortowe i praktyczne. Wystarczy, \u017ce odpowiednio zaplanujemy jego aran\u017cacje i przemy\u015blimy, jakie meble b\u0119d\u0105 w nim najbardziej przydatne. Zanim jednak przejdziemy do tematu<strong> mebli w ma\u0142ym pokoju<\/strong>, zacznijmy od samego projektu wn\u0119trza. Na wst\u0119pie powinni\u015bmy zastanowi\u0107 si\u0119 nad <strong>kolorem \u015bcian w ma\u0142ym pokoju<\/strong>. Najlepsz\u0105 opcj\u0105 b\u0119d\u0105 kolory jasne, kt\u00f3re dodatkowo rozja\u015bniaj\u0105 ma\u0142e pomieszczenie i sprawi\u0105, \u017ce stanie si\u0119 ono optycznie wi\u0119ksze. Ciekawym pomys\u0142em jest tak\u017ce wykorzystanie <strong>lustra w ma\u0142ym pokoju<\/strong>. To tak\u017ce pomo\u017ce wizualnie powi\u0119kszy\u0107 <strong>ma\u0142y pok\u00f3j<\/strong> i sprawi\u0107 wra\u017cenie, jakby by\u0142 nieco wi\u0119kszy. Teraz mo\u017cemy przej\u015b\u0107 do g\u0142\u00f3wnego tematu, czyli <strong>mebli do ma\u0142ego pokoju<\/strong>. Dobrze, aby r\u00f3wnie\u017c one cechowa\u0142y si\u0119 jasnymi kolorami, co \u015bwietnie b\u0119dzie komponowa\u0107 si\u0119 z jasnymi \u015bcianami i nie przyt\u0142oczy pomieszczenia.<\/p> <h2>Jakie meble do ma\u0142ego pokoju?<\/h2> <p>Kiedy wiesz ju\u017c czym nale\u017cy si\u0119 kierowa\u0107 podczas dobierania <strong>mebli do ma\u0142ego pomieszczenia<\/strong>, mo\u017cemy przej\u015b\u0107 do kolejnego kroku. Jest nim kwestia tego jakie konkretnie meble przydadz\u0105 si\u0119 w mniejszym pokoju. Najlepszymi, a przede wszystkim funkcjonalnymi, rozwi\u0105zaniami b\u0119d\u0105<strong> meble wielofunkcyjne<\/strong> czy tzw. <strong>meble systemowe<\/strong>. Dzi\u0119ki temu zaoszcz\u0119dzimy sporo miejsca, a jednocze\u015bnie zyskamy mebel o wielu zastosowaniach. Przyk\u0142adem mo\u017ce by\u0107 <a href=\"https:\/\/meblekukulka.pl\/36-kanapy-rozkladane\">kanapa rozk\u0142adana<\/a> czy <a href=\"https:\/\/meblekukulka.pl\/261-sofy-z-funkcja-spania\">sofa z funkcj\u0105 spania<\/a>. To bardzo wygodne <strong>meble wypoczynkowe do ma\u0142ego pokoju<\/strong>, kt\u00f3re podczas dnia b\u0119d\u0105 pe\u0142ni\u0142y swoj\u0105 naturaln\u0105 funkcj\u0119, a w nocy mog\u0105 zmieni\u0107 si\u0119 w przestronne \u0142\u00f3\u017cko. Innymi, r\u00f3wnie\u017c wartymi uwagi meblami s\u0105 np. rozk\u0142adany stolik czy fotel z dodatkowym schowkiem. Mo\u017cna pomy\u015ble\u0107 r\u00f3wnie\u017c o klasycznym <a href=\"https:\/\/meblekukulka.pl\/12-fotele-tapicerowane\">fotelu tapicerowanym<\/a>, kt\u00f3ry co prawda zajmie odrobin\u0119 przestrzeni, jednak nada wn\u0119trzu niepowtarzalnego charakteru i stylu. W dalszej kolejno\u015bci trzeba pomy\u015ble\u0107 <strong>p\u00f3\u0142kach<\/strong> czy <strong>rega\u0142ach<\/strong>. Doskonale spisz\u0105 si\u0119 <a href=\"https:\/\/meblekukulka.pl\/44-polki-wiszace\">p\u00f3\u0142ki wisz\u0105ce<\/a>, kt\u00f3re po zamontowaniu na \u015bcianie nie b\u0119d\u0105 zajmowa\u0107 wolnego miejsca, a jednocze\u015bnie b\u0119d\u0105 oferowa\u0107 miejsce na r\u00f3\u017cne przedmioty i dekoracje. Opr\u00f3cz tego przyda si\u0119 te\u017c <strong>komoda<\/strong> b\u0105d\u017a <strong>szafa<\/strong>. W tym przypadku szczeg\u00f3lnie zach\u0119camy do wyboru <a href=\"https:\/\/meblekukulka.pl\/51-szafy-z-lustrem\">szafy z lustrem<\/a>, kt\u00f3re jak wspominali\u015bmy wcze\u015bniej, r\u00f3wnie\u017c ma du\u017cy wp\u0142yw na optyczne powi\u0119kszenie pokoju.<\/p> <h3>Meble do ma\u0142ego pokoju w Meble Kuku\u0142ka<\/h3> <p>Mamy nadziej\u0119, \u017ce z nasz\u0105 pomoc\u0105 \u0142atwiej Ci b\u0119dzie <strong>urz\u0105dzi\u0107 ma\u0142y pok\u00f3j<\/strong> w swoim domu czy mieszkaniu. Jest jeszcze jedna rzecz, w kt\u00f3rej mo\u017cemy Ci pom\u00f3c. W naszym internetowym sklepie Meble Kuku\u0142ka znajdziesz liczne <strong>meble do ma\u0142ego pokoju<\/strong>, kt\u00f3re umo\u017cliwi\u0105 Ci stworzenie fantastycznego, komfortowego i stylowego wn\u0119trza. Przekonaj si\u0119 sam \u2013 odkryj nasz\u0105 ofert\u0119 i kup <a href=\"https:\/\/meblekukulka.pl\/57-pokoj-dzienny\">meble do ma\u0142ego pokoju<\/a> z Meble Kuku\u0142ka ju\u017c dzisiaj!<\/p>","_links":{"self":[{"href":"https:\/\/meblekukulka.pl\/blog\/wp-json\/wp\/v2\/posts\/1334"}],"collection":[{"href":"https:\/\/meblekukulka.pl\/blog\/wp-json\/wp\/v2\/posts"}],"about":[{"href":"https:\/\/meblekukulka.pl\/blog\/wp-json\/wp\/v2\/types\/post"}],"author":[{"embeddable":true,"href":"https:\/\/meblekukulka.pl\/blog\/wp-json\/wp\/v2\/users\/9"}],"replies":[{"embeddable":true,"href":"https:\/\/meblekukulka.pl\/blog\/wp-json\/wp\/v2\/comments?post=1334"}],"version-history":[{"count":5,"href":"https:\/\/meblekukulka.pl\/blog\/wp-json\/wp\/v2\/posts\/1334\/revisions"}],"predecessor-version":[{"id":1344,"href":"https:\/\/meblekukulka.pl\/blog\/wp-json\/wp\/v2\/posts\/1334\/revisions\/1344"}],"wp:featuredmedia":[{"embeddable":true,"href":"https:\/\/meblekukulka.pl\/blog\/wp-json\/wp\/v2\/media\/1343"}],"wp:attachment":[{"href":"https:\/\/meblekukulka.pl\/blog\/wp-json\/wp\/v2\/media?parent=1334"}],"wp:term":[{"taxonomy":"category","embeddable":true,"href":"https:\/\/meblekukulka.pl\/blog\/wp-json\/wp\/v2\/categories?post=1334"},{"taxonomy":"post_tag","embeddable":true,"href":"https:\/\/meblekukulka.pl\/blog\/wp-json\/wp\/v2\/tags?post=1334"}],"curies":[{"name":"wp","href":"https:\/\/api.w.org\/{rel}","templated":true}]}}