{"id":1285,"date":"2022-08-08T16:10:52","date_gmt":"2022-08-08T16:10:52","guid":{"rendered":"https:\/\/www.meblekukulka.pl\/blog\/tapicerowana-kanapa-z-funkcja-spania-czy-to-sie-oplaca-copy-copy\/"},"modified":"2023-01-03T14:45:05","modified_gmt":"2023-01-03T14:45:05","slug":"jaka-szafa-do-przedpokoju","status":"publish","type":"post","link":"https:\/\/meblekukulka.pl\/blog\/jaka-szafa-do-przedpokoju\/","title":{"rendered":"Jaka szafa do przedpokoju?"},"content":{"rendered":"<!--themify_builder_content-->\n<div id=\"themify_builder_content-1285\" data-postid=\"1285\" class=\"themify_builder_content themify_builder_content-1285 themify_builder tf_clear\">\n    \t<!-- module_row -->\n\t<div  data-lazy=\"1\" class=\"module_row themify_builder_row tb_ka2a005 tb_first tf_clearfix\">\n\t    \t\t<div class=\"row_inner col_align_top col-count-1 tf_box tf_w tf_rel\">\n\t\t\t<div  data-lazy=\"1\" class=\"module_column tb-column col-full first tb_cgho565 tf_box\">\n\t\t\t    \t        <div class=\"tb-column-inner tf_box tf_w\">\n\t\t    <!-- module text -->\n<div  class=\"module module-text tb_c8q8063   \" data-lazy=\"1\">\n        <div  class=\"tb_text_wrap\">\n    <p><strong>Przedpok\u00f3j<\/strong> jest pomieszczeniem, o aran\u017cacji kt\u00f3rego zapomina wiele os\u00f3b. Urz\u0105dzaj\u0105c lub remontuj\u0105c mieszkanie nasza uwaga najcz\u0119\u015bciej skoncentrowana jest na salonie, kuchni, \u0142azience czy poszczeg\u00f3lnych pokojach, a najmniejsz\u0105 uwag\u0119 przyk\u0142adamy <strong>przedpokojowi<\/strong>. Musimy jednak przyzna\u0107, \u017ce jest to du\u017cy b\u0142\u0105d! W ko\u0144cu <strong>przedpok\u00f3j<\/strong> to pomieszczenie, w kt\u00f3rym zazwyczaj witamy naszych go\u015bci, i kt\u00f3re robi na naszych bliskich pierwsze wra\u017cenie. Z tego wzgl\u0119du warto zwr\u00f3ci\u0107 wi\u0119ksz\u0105 uwag\u0119 na <strong>aran\u017cacj\u0119 przedpokoju<\/strong> i wyb\u00f3r odpowiednich mebli czy dodatk\u00f3w do tego pomieszczenia. Najcz\u0119\u015bciej g\u0142\u00f3wnym elementem <strong>przedpokoju<\/strong> jest <strong>du\u017ca, pojemna szafa<\/strong>. Dlatego te\u017c to na tym meblu skoncentrujemy si\u0119 w poni\u017cszym artykule!<\/p>    <\/div>\n<\/div>\n<!-- \/module text --><!-- module template_part -->\n<div  class=\"module module-layout-part tb_hj5e536 \">\n    <div class=\"tb_layout_part_wrap tf_w\"><!--themify_builder_content-->\n    <div  class=\"themify_builder_content themify_builder_content-1291 themify_builder not_editable_builder in_the_loop\" data-postid=\"1291\">\n        \t<!-- module_row -->\n\t<div  data-lazy=\"1\" class=\"module_row themify_builder_row tb_7met93 tf_clearfix\">\n\t    \t\t<div class=\"row_inner col_align_top col-count-1 tf_box tf_w tf_rel\">\n\t\t\t<div  data-lazy=\"1\" class=\"module_column tb-column col-full first tb_hxqr94 tf_box\">\n\t\t\t    \t        <div class=\"tb-column-inner tf_box tf_w\">\n\t\t    <!-- module text -->\n<div  class=\"module module-text tb_2w0g783   \" data-lazy=\"1\">\n        <div  class=\"tb_text_wrap\">\n    <h2>Sprawd\u017a najlepsze meble w naszym sklepie meblekukulka.pl<\/h2>    <\/div>\n<\/div>\n<!-- \/module text -->\t        <\/div>\n\t    \t<\/div>\n\t\t    <\/div>\n\t    <!-- \/row_inner -->\n\t<\/div>\n\t<!-- \/module_row -->\n\t    <\/div>\n<!--\/themify_builder_content--><\/div>\n<\/div>\n<!-- \/module template_part -->\n<!-- module template_part -->\n<div  class=\"module module-layout-part tb_2jx8180 \">\n    <div class=\"tb_layout_part_wrap tf_w\"><!--themify_builder_content-->\n    <div  class=\"themify_builder_content themify_builder_content-1289 themify_builder not_editable_builder in_the_loop\" data-postid=\"1289\">\n        \t<!-- module_row -->\n\t<div  data-lazy=\"1\" class=\"module_row themify_builder_row tb_mf43696 tf_clearfix\" >\n\t    \t\t<div class=\"row_inner col_align_top col-count-4 tf_box tf_w tf_rel\">\n\t\t\t<div  data-lazy=\"1\" class=\"module_column tb-column col4-1 first tb_g4bw696 repeat tf_box\">\n\t\t\t    \t        <div class=\"tb-column-inner tf_box tf_w\">\n\t\t    <!-- module image -->\n<div  class=\"module module-image tb_l0zr696   image-full-overlay auto_fullwidth tf_mw\" data-lazy=\"1\">\n        <div class=\"image-wrap tf_rel tf_mw\">\n\t\t    <a href=\"https:\/\/meblekukulka.pl\/30-sofy-tapicerowane\"\n\t       \t       >\n\t\t   \t\t<img loading=\"lazy\" decoding=\"async\" src=\"https:\/\/meblekukulka.pl\/blog\/wp-content\/uploads\/2023\/04\/living-room-g0135a726e_1280-1024x682-200x160.jpg\" width=\"200\" height=\"160\" class=\"wp-post-image wp-image-1529\" title=\"Sofy\" alt=\"Sofy tapicerowane\">\t    <\/a>\n\t\n\t\t<\/div>\n\t<!-- \/image-wrap -->\n    \n    \t<div class=\"image-content tf_overflow\">\n\t    \t\t\t<h3 class=\"image-title\">\n\t\t\t\t\t\t\t\t\t<a href=\"https:\/\/meblekukulka.pl\/30-sofy-tapicerowane\" \n\t\t\t\t\t   \t\t\t\t\t   >\n\t\t\t\t\t\t   Sofy\t\t\t\t\t<\/a>\n\t\t\t\t\t\t\t<\/h3>\n\t    \n\t    \t<\/div>\n\t<!-- \/image-content -->\n    \t<\/div>\n<!-- \/module image -->\t        <\/div>\n\t    \t<\/div>\n\t\t<div  data-lazy=\"1\" class=\"module_column tb-column col4-1 second tb_c6nh696 tf_box\">\n\t\t\t    \t        <div class=\"tb-column-inner tf_box tf_w\">\n\t\t    <!-- module image -->\n<div  class=\"module module-image tb_6d9l696   image-full-overlay auto_fullwidth tf_mw\" data-lazy=\"1\">\n        <div class=\"image-wrap tf_rel tf_mw\">\n\t\t    <a href=\"https:\/\/meblekukulka.pl\/16-kanapy-tapicerowane\"\n\t       \t       >\n\t\t   \t\t<img loading=\"lazy\" decoding=\"async\" src=\"https:\/\/meblekukulka.pl\/blog\/wp-content\/uploads\/2023\/04\/sofa-g6ef369d14_1280-1024x667-200x160.jpg\" width=\"200\" height=\"160\" class=\"wp-post-image wp-image-1532\" title=\"Kanapy\" alt=\"Kanapy tapicerowane\">\t    <\/a>\n\t\n\t\t<\/div>\n\t<!-- \/image-wrap -->\n    \n    \t<div class=\"image-content tf_overflow\">\n\t    \t\t\t<h3 class=\"image-title\">\n\t\t\t\t\t\t\t\t\t<a href=\"https:\/\/meblekukulka.pl\/16-kanapy-tapicerowane\" \n\t\t\t\t\t   \t\t\t\t\t   >\n\t\t\t\t\t\t   Kanapy\t\t\t\t\t<\/a>\n\t\t\t\t\t\t\t<\/h3>\n\t    \n\t    \t<\/div>\n\t<!-- \/image-content -->\n    \t<\/div>\n<!-- \/module image -->\t        <\/div>\n\t    \t<\/div>\n\t\t<div  data-lazy=\"1\" class=\"module_column tb-column col4-1 third tb_8l2f696 tf_box\">\n\t\t\t    \t        <div class=\"tb-column-inner tf_box tf_w\">\n\t\t    <!-- module image -->\n<div  class=\"module module-image tb_7vyr696   image-full-overlay auto_fullwidth tf_mw\" data-lazy=\"1\">\n        <div class=\"image-wrap tf_rel tf_mw\">\n\t\t    <a href=\"https:\/\/meblekukulka.pl\/22-lozka-tapicerowane-i-drewniane\"\n\t       \t       >\n\t\t   \t\t<img loading=\"lazy\" decoding=\"async\" src=\"https:\/\/meblekukulka.pl\/blog\/wp-content\/uploads\/2023\/04\/bedroom-g61dbb7d13_1280-3-1024x682-200x160.jpg\" width=\"200\" height=\"160\" class=\"wp-post-image wp-image-1528\" title=\"\u0141\u00f3\u017cka\" alt=\"\u0141\u00f3\u017cka tapicerowane\">\t    <\/a>\n\t\n\t\t<\/div>\n\t<!-- \/image-wrap -->\n    \n    \t<div class=\"image-content tf_overflow\">\n\t    \t\t\t<h3 class=\"image-title\">\n\t\t\t\t\t\t\t\t\t<a href=\"https:\/\/meblekukulka.pl\/22-lozka-tapicerowane-i-drewniane\" \n\t\t\t\t\t   \t\t\t\t\t   >\n\t\t\t\t\t\t   \u0141\u00f3\u017cka\t\t\t\t\t<\/a>\n\t\t\t\t\t\t\t<\/h3>\n\t    \n\t    \t<\/div>\n\t<!-- \/image-content -->\n    \t<\/div>\n<!-- \/module image -->\t        <\/div>\n\t    \t<\/div>\n\t\t<div  data-lazy=\"1\" class=\"module_column tb-column col4-1 last tb_9kxr696 repeat tf_box\">\n\t\t\t    \t        <div class=\"tb-column-inner tf_box tf_w\">\n\t\t    <!-- module image -->\n<div  class=\"module module-image tb_ase2696   image-full-overlay auto_fullwidth tf_mw\" data-lazy=\"1\">\n        <div class=\"image-wrap tf_rel tf_mw\">\n\t\t    <a href=\"https:\/\/meblekukulka.pl\/12-fotele-tapicerowane\"\n\t       \t       >\n\t\t   \t\t<img loading=\"lazy\" decoding=\"async\" src=\"https:\/\/meblekukulka.pl\/blog\/wp-content\/uploads\/2022\/01\/design-gaf2c29ee1_1920-820x1024-200x160.jpg\" width=\"200\" height=\"160\" class=\"wp-post-image wp-image-1089\" title=\"Fotele\" alt=\"Fotele tapicerowane\">\t    <\/a>\n\t\n\t\t<\/div>\n\t<!-- \/image-wrap -->\n    \n    \t<div class=\"image-content tf_overflow\">\n\t    \t\t\t<h3 class=\"image-title\">\n\t\t\t\t\t\t\t\t\t<a href=\"https:\/\/meblekukulka.pl\/12-fotele-tapicerowane\" \n\t\t\t\t\t   \t\t\t\t\t   >\n\t\t\t\t\t\t   Fotele\t\t\t\t\t<\/a>\n\t\t\t\t\t\t\t<\/h3>\n\t    \n\t    \t<\/div>\n\t<!-- \/image-content -->\n    \t<\/div>\n<!-- \/module image -->\t        <\/div>\n\t    \t<\/div>\n\t\t    <\/div>\n\t    <!-- \/row_inner -->\n\t<\/div>\n\t<!-- \/module_row -->\n\t    <\/div>\n<!--\/themify_builder_content--><\/div>\n<\/div>\n<!-- \/module template_part -->\n<!-- module text -->\n<div  class=\"module module-text tb_fhqm126   \" data-lazy=\"1\">\n        <div  class=\"tb_text_wrap\">\n    <h2>Jaki kolor szafy do przedpokoju?<\/h2>\n<p><strong>Meble w przedpokoju<\/strong> s\u0142u\u017c\u0105 g\u0142\u00f3wnie do przechowywania ubra\u0144, but\u00f3w oraz innych przedmiot\u00f3w osobistych. Dlatego oczywistym jest to, \u017ce w wi\u0119kszo\u015bci <strong>przedpokoj\u00f3w<\/strong> znajduje si\u0119 przestronna szafa, kt\u00f3r\u0105 uzupe\u0142niaj\u0105 inne <strong>meble do przedpokoju<\/strong>, jak wieszak, stojak na buty czy ma\u0142a komoda. Niemniej g\u0142\u00f3wnym element stanowi wspomniana szafa. Podczas <strong>aran\u017cacji przedpokoju<\/strong> wa\u017cne jest, aby dobra\u0107 meble zgodnie z naszymi potrzebami. Im wi\u0119cej domownik\u00f3w, tym wi\u0119ksz\u0105 szaf\u0119 powinni\u015bmy wybra\u0107. Istotne jest jednak to, aby wybrana przez nas <strong>szafa<\/strong> wsp\u00f3\u0142gra\u0142a z innymi elementami <strong>przedpokoju<\/strong> oraz ca\u0142ego mieszkania. W zwi\u0105zku z tym du\u017ce znaczenie ma wyb\u00f3r <strong>koloru szafy<\/strong>. Ten powinien pasowa\u0107 do koloru \u015bcian, wyko\u0144czenia pod\u0142\u00f3g, pozosta\u0142ych mebli, a tak\u017ce ma\u0142ych dekoracji i dodatk\u00f3w. <strong>Kolor szafy do przedpokoju<\/strong> zale\u017cny jest tak\u017ce od stylu, w kt\u00f3rym urz\u0105dzamy nasze mieszkanie. W <strong>nowoczesnych wn\u0119trzach<\/strong> dobr\u0105 opcj\u0105 jest minimalistyczna, <strong>nowoczesna szafa<\/strong> w jednolitym kolorze. Najcz\u0119\u015bciej kolorem tym jest bia\u0142y, czarny czy grafitowy. Do <strong>wn\u0119trz klasycznych<\/strong> polecamy natomiast<strong> szafy drewniane<\/strong> lub w kolorze imituj\u0105cym naturalne drewno.<\/p>\n<h2>Kolor szafy a wielko\u015b\u0107 pomieszczenia<\/h2>\n<p>Wyb\u00f3r koloru nie powinien zale\u017ce\u0107 tylko i wy\u0142\u0105cznie od wystroju naszego wn\u0119trza, a tak\u017ce jego wielko\u015b\u0107. Do <strong>ma\u0142ego przedpokoju<\/strong> polecamy wyb\u00f3r <strong>szafy<\/strong> w jasnym kolorze. W ten spos\u00f3b bardziej roz\u015bwietlimy niewielkie pomieszczenie, sprawiaj\u0105c wra\u017cenie, jakby jego metra\u017c by\u0142 nieco wi\u0119kszy.<strong> Jasny kolor szafy<\/strong> sprawi, \u017ce pomieszczenie optycznie stanie si\u0119 bardziej przestronne.<\/p>\n<h3>Doskona\u0142e szafy do przedpokoju i nie tylko z Meble Kuku\u0142ka<\/h3>\n<p>Szeroki wyb\u00f3r <strong>nowoczesnych i klasycznych szaf<\/strong> znajdziesz w ofercie naszego sklepu Meble Kuku\u0142ka! W naszym asortymencie dost\u0119pne s\u0105 <a href=\"https:\/\/meblekukulka.pl\/48-szafy-przesuwne\">szafy przesuwne<\/a>, <a href=\"https:\/\/meblekukulka.pl\/49-szafy-jednodrzwiowe\">szafy jednodrzwiowe<\/a> i <a href=\"https:\/\/meblekukulka.pl\/50-szafy-dwudrzwiowe\">szafy dwudrzwiowe<\/a>, a tak\u017ce jeszcze wi\u0119ksze <strong>trzydrzwiowe szafy<\/strong>. Posiadamy tak\u017ce <strong>szafy z lustrem<\/strong>, kt\u00f3re jeszcze bardziej \u201epowi\u0119ksz\u0105\u201d ma\u0142y przedpok\u00f3j. Sprawd\u017a nasz\u0105 ofert\u0119 i wybierz najlepsze <a href=\"https:\/\/meblekukulka.pl\/33-szafy\">szafy<\/a> <strong>do przedpokoju, sypialni<\/strong> czy <strong>salonu<\/strong> ju\u017c dzi\u015b!<\/p>    <\/div>\n<\/div>\n<!-- \/module text -->\t        <\/div>\n\t    \t<\/div>\n\t\t    <\/div>\n\t    <!-- \/row_inner -->\n\t<\/div>\n\t<!-- \/module_row -->\n\t<\/div>\n<!--\/themify_builder_content-->","protected":false},"excerpt":{"rendered":"<p>Przedpok\u00f3j jest pomieszczeniem, o aran\u017cacji kt\u00f3rego zapomina wiele os\u00f3b. Urz\u0105dzaj\u0105c lub remontuj\u0105c mieszkanie nasza uwaga najcz\u0119\u015bciej skoncentrowana jest na salonie, kuchni, \u0142azience czy poszczeg\u00f3lnych pokojach, a najmniejsz\u0105 uwag\u0119 przyk\u0142adamy przedpokojowi. Musimy jednak przyzna\u0107, \u017ce jest to du\u017cy b\u0142\u0105d! W ko\u0144cu przedpok\u00f3j to pomieszczenie, w kt\u00f3rym zazwyczaj witamy naszych go\u015bci, i kt\u00f3re robi na naszych bliskich [&hellip;]<\/p>\n","protected":false},"author":9,"featured_media":1324,"comment_status":"open","ping_status":"closed","sticky":false,"template":"","format":"standard","meta":{"footnotes":""},"categories":[1,3],"tags":[],"class_list":["post-1285","post","type-post","status-publish","format-standard","has-post-thumbnail","hentry","category-inspiracje","category-porady","has-post-title","has-post-date","has-post-category","has-post-tag","has-post-comment","has-post-author",""],"yoast_head":"<!-- This site is optimized with the Yoast SEO plugin v23.1 - https:\/\/yoast.com\/wordpress\/plugins\/seo\/ -->\n<title>Jaka szafa do przedpokoju? | Blog Meble Kuku\u0142ka<\/title>\n<meta name=\"description\" content=\"Blog Meble Kuku\u0142ka - Jaka szafa do przedpokoju? - Porady i ciekawostki ze \u015bwiata wn\u0119trz i aran\u017cacji.\" \/>\n<meta name=\"robots\" content=\"index, follow, max-snippet:-1, max-image-preview:large, max-video-preview:-1\" \/>\n<link rel=\"canonical\" href=\"https:\/\/meblekukulka.pl\/blog\/jaka-szafa-do-przedpokoju\/\" \/>\n<meta property=\"og:locale\" content=\"pl_PL\" \/>\n<meta property=\"og:type\" content=\"article\" \/>\n<meta property=\"og:title\" content=\"Jaka szafa do przedpokoju? | Blog Meble Kuku\u0142ka\" \/>\n<meta property=\"og:description\" content=\"Blog Meble Kuku\u0142ka - Jaka szafa do przedpokoju? - Porady i ciekawostki ze \u015bwiata wn\u0119trz i aran\u017cacji.\" \/>\n<meta property=\"og:url\" content=\"https:\/\/meblekukulka.pl\/blog\/jaka-szafa-do-przedpokoju\/\" \/>\n<meta property=\"og:site_name\" content=\"Blog Meble Kuku\u0142ka\" \/>\n<meta property=\"article:publisher\" content=\"https:\/\/www.facebook.com\/meblekukulka\/\" \/>\n<meta property=\"article:published_time\" content=\"2022-08-08T16:10:52+00:00\" \/>\n<meta property=\"article:modified_time\" content=\"2023-01-03T14:45:05+00:00\" \/>\n<meta property=\"og:image\" content=\"https:\/\/meblekukulka.pl\/blog\/wp-content\/uploads\/2022\/08\/Depositphotos_83412912_S.jpg\" \/>\n\t<meta property=\"og:image:width\" content=\"1000\" \/>\n\t<meta property=\"og:image:height\" content=\"750\" \/>\n\t<meta property=\"og:image:type\" content=\"image\/jpeg\" \/>\n<meta name=\"author\" content=\"Redakcja meblekuku\u0142ka\" \/>\n<meta name=\"twitter:card\" content=\"summary_large_image\" \/>\n<meta name=\"twitter:label1\" content=\"Napisane przez\" \/>\n\t<meta name=\"twitter:data1\" content=\"Redakcja meblekuku\u0142ka\" \/>\n\t<meta name=\"twitter:label2\" content=\"Szacowany czas czytania\" \/>\n\t<meta name=\"twitter:data2\" content=\"2 minuty\" \/>\n<script type=\"application\/ld+json\" class=\"yoast-schema-graph\">{\"@context\":\"https:\/\/schema.org\",\"@graph\":[{\"@type\":\"WebPage\",\"@id\":\"https:\/\/meblekukulka.pl\/blog\/jaka-szafa-do-przedpokoju\/\",\"url\":\"https:\/\/meblekukulka.pl\/blog\/jaka-szafa-do-przedpokoju\/\",\"name\":\"Jaka szafa do przedpokoju? | Blog Meble Kuku\u0142ka\",\"isPartOf\":{\"@id\":\"https:\/\/meblekukulka.pl\/blog\/#website\"},\"primaryImageOfPage\":{\"@id\":\"https:\/\/meblekukulka.pl\/blog\/jaka-szafa-do-przedpokoju\/#primaryimage\"},\"image\":{\"@id\":\"https:\/\/meblekukulka.pl\/blog\/jaka-szafa-do-przedpokoju\/#primaryimage\"},\"thumbnailUrl\":\"https:\/\/meblekukulka.pl\/blog\/wp-content\/uploads\/2022\/08\/Depositphotos_83412912_S.jpg\",\"datePublished\":\"2022-08-08T16:10:52+00:00\",\"dateModified\":\"2023-01-03T14:45:05+00:00\",\"author\":{\"@id\":\"https:\/\/meblekukulka.pl\/blog\/#\/schema\/person\/423fc8d598bc317d47773d31ecdd4162\"},\"description\":\"Blog Meble Kuku\u0142ka - Jaka szafa do przedpokoju? - Porady i ciekawostki ze \u015bwiata wn\u0119trz i aran\u017cacji.\",\"breadcrumb\":{\"@id\":\"https:\/\/meblekukulka.pl\/blog\/jaka-szafa-do-przedpokoju\/#breadcrumb\"},\"inLanguage\":\"pl-PL\",\"potentialAction\":[{\"@type\":\"ReadAction\",\"target\":[\"https:\/\/meblekukulka.pl\/blog\/jaka-szafa-do-przedpokoju\/\"]}]},{\"@type\":\"ImageObject\",\"inLanguage\":\"pl-PL\",\"@id\":\"https:\/\/meblekukulka.pl\/blog\/jaka-szafa-do-przedpokoju\/#primaryimage\",\"url\":\"https:\/\/meblekukulka.pl\/blog\/wp-content\/uploads\/2022\/08\/Depositphotos_83412912_S.jpg\",\"contentUrl\":\"https:\/\/meblekukulka.pl\/blog\/wp-content\/uploads\/2022\/08\/Depositphotos_83412912_S.jpg\",\"width\":1000,\"height\":750,\"caption\":\"Spacious hallway art deco style. Modern hall with molding wall and neon lighting ceiling. Coarse wool carpet in the middle and brown furniture. 3D render\"},{\"@type\":\"BreadcrumbList\",\"@id\":\"https:\/\/meblekukulka.pl\/blog\/jaka-szafa-do-przedpokoju\/#breadcrumb\",\"itemListElement\":[{\"@type\":\"ListItem\",\"position\":1,\"name\":\"Strona g\u0142\u00f3wna\",\"item\":\"https:\/\/meblekukulka.pl\/blog\/\"},{\"@type\":\"ListItem\",\"position\":2,\"name\":\"Jaka szafa do przedpokoju?\"}]},{\"@type\":\"WebSite\",\"@id\":\"https:\/\/meblekukulka.pl\/blog\/#website\",\"url\":\"https:\/\/meblekukulka.pl\/blog\/\",\"name\":\"Blog Meble Kuku\u0142ka\",\"description\":\"\",\"potentialAction\":[{\"@type\":\"SearchAction\",\"target\":{\"@type\":\"EntryPoint\",\"urlTemplate\":\"https:\/\/meblekukulka.pl\/blog\/?s={search_term_string}\"},\"query-input\":\"required name=search_term_string\"}],\"inLanguage\":\"pl-PL\"},{\"@type\":\"Person\",\"@id\":\"https:\/\/meblekukulka.pl\/blog\/#\/schema\/person\/423fc8d598bc317d47773d31ecdd4162\",\"name\":\"Redakcja meblekuku\u0142ka\",\"description\":\"Meble Kuku\u0142ka to internetowy sklep z meblami, a jednocze\u015bnie producent mebli tapicerowanych, kt\u00f3ry ju\u017c od wielu lat urz\u0105dza wn\u0119trza tysi\u0119cy ludzi. Poprzez tworzenie mebli zdobyli\u015bmy wiele umiej\u0119tno\u015bci oraz do\u015bwiadczenie, kt\u00f3re teraz wykorzystujemy, aby pomaga\u0107 innym w aran\u017cacji ich dom\u00f3w i mieszka\u0144. Jako Meble Kuku\u0142kanieustannie \u015bledzimy najnowsze trendy, z kt\u00f3rych czerpiemy inspiracje i dzielimy si\u0119 nimi na naszym blogu. Dzi\u0119ki temu umo\u017cliwiamy innym stworzenie stylowych i modnych wn\u0119trz o r\u00f3\u017cnym charakterze. Z naszej strony zawsze mo\u017cesz liczy\u0107 na cenne porady, przewodniki, a tak\u017ce zainspirowa\u0107 si\u0119 naszymi pomys\u0142ami lub odkry\u0107 nowo\u015bci ze \u015bwiata designu. Je\u015bli wi\u0119c brakuje Ci wizji na urz\u0105dzenie poszczeg\u00f3lnych pomieszcze\u0144, nie wiesz jak dobra\u0107 najlepsze meble lub jak je ustawi\u0107 czy sprawi\u0107, by zachowa\u0142y sw\u00f3j wygl\u0105d na lata \u2013 sprawd\u017a rady od Meble Kuku\u0142ka! Zapewniamy, \u017ce jako bezpo\u015bredni producent mebli zawsze odpowiednio Ci doradzimy oraz przeprowadzimy Ci\u0119 przez etap urz\u0105dzania domu od A do Z. Na swoim koncie posiadamy ju\u017c ponad 3000 umeblowanych mieszka\u0144 \u2013 do\u0142\u0105czysz do nich?\"}]}<\/script>\n<!-- \/ Yoast SEO plugin. -->","yoast_head_json":{"title":"Jaka szafa do przedpokoju? | Blog Meble Kuku\u0142ka","description":"Blog Meble Kuku\u0142ka - Jaka szafa do przedpokoju? - Porady i ciekawostki ze \u015bwiata wn\u0119trz i aran\u017cacji.","robots":{"index":"index","follow":"follow","max-snippet":"max-snippet:-1","max-image-preview":"max-image-preview:large","max-video-preview":"max-video-preview:-1"},"canonical":"https:\/\/meblekukulka.pl\/blog\/jaka-szafa-do-przedpokoju\/","og_locale":"pl_PL","og_type":"article","og_title":"Jaka szafa do przedpokoju? | Blog Meble Kuku\u0142ka","og_description":"Blog Meble Kuku\u0142ka - Jaka szafa do przedpokoju? - Porady i ciekawostki ze \u015bwiata wn\u0119trz i aran\u017cacji.","og_url":"https:\/\/meblekukulka.pl\/blog\/jaka-szafa-do-przedpokoju\/","og_site_name":"Blog Meble Kuku\u0142ka","article_publisher":"https:\/\/www.facebook.com\/meblekukulka\/","article_published_time":"2022-08-08T16:10:52+00:00","article_modified_time":"2023-01-03T14:45:05+00:00","og_image":[{"width":1000,"height":750,"url":"https:\/\/meblekukulka.pl\/blog\/wp-content\/uploads\/2022\/08\/Depositphotos_83412912_S.jpg","type":"image\/jpeg"}],"author":"Redakcja meblekuku\u0142ka","twitter_card":"summary_large_image","twitter_misc":{"Napisane przez":"Redakcja meblekuku\u0142ka","Szacowany czas czytania":"2 minuty"},"schema":{"@context":"https:\/\/schema.org","@graph":[{"@type":"WebPage","@id":"https:\/\/meblekukulka.pl\/blog\/jaka-szafa-do-przedpokoju\/","url":"https:\/\/meblekukulka.pl\/blog\/jaka-szafa-do-przedpokoju\/","name":"Jaka szafa do przedpokoju? | Blog Meble Kuku\u0142ka","isPartOf":{"@id":"https:\/\/meblekukulka.pl\/blog\/#website"},"primaryImageOfPage":{"@id":"https:\/\/meblekukulka.pl\/blog\/jaka-szafa-do-przedpokoju\/#primaryimage"},"image":{"@id":"https:\/\/meblekukulka.pl\/blog\/jaka-szafa-do-przedpokoju\/#primaryimage"},"thumbnailUrl":"https:\/\/meblekukulka.pl\/blog\/wp-content\/uploads\/2022\/08\/Depositphotos_83412912_S.jpg","datePublished":"2022-08-08T16:10:52+00:00","dateModified":"2023-01-03T14:45:05+00:00","author":{"@id":"https:\/\/meblekukulka.pl\/blog\/#\/schema\/person\/423fc8d598bc317d47773d31ecdd4162"},"description":"Blog Meble Kuku\u0142ka - Jaka szafa do przedpokoju? - Porady i ciekawostki ze \u015bwiata wn\u0119trz i aran\u017cacji.","breadcrumb":{"@id":"https:\/\/meblekukulka.pl\/blog\/jaka-szafa-do-przedpokoju\/#breadcrumb"},"inLanguage":"pl-PL","potentialAction":[{"@type":"ReadAction","target":["https:\/\/meblekukulka.pl\/blog\/jaka-szafa-do-przedpokoju\/"]}]},{"@type":"ImageObject","inLanguage":"pl-PL","@id":"https:\/\/meblekukulka.pl\/blog\/jaka-szafa-do-przedpokoju\/#primaryimage","url":"https:\/\/meblekukulka.pl\/blog\/wp-content\/uploads\/2022\/08\/Depositphotos_83412912_S.jpg","contentUrl":"https:\/\/meblekukulka.pl\/blog\/wp-content\/uploads\/2022\/08\/Depositphotos_83412912_S.jpg","width":1000,"height":750,"caption":"Spacious hallway art deco style. Modern hall with molding wall and neon lighting ceiling. Coarse wool carpet in the middle and brown furniture. 3D render"},{"@type":"BreadcrumbList","@id":"https:\/\/meblekukulka.pl\/blog\/jaka-szafa-do-przedpokoju\/#breadcrumb","itemListElement":[{"@type":"ListItem","position":1,"name":"Strona g\u0142\u00f3wna","item":"https:\/\/meblekukulka.pl\/blog\/"},{"@type":"ListItem","position":2,"name":"Jaka szafa do przedpokoju?"}]},{"@type":"WebSite","@id":"https:\/\/meblekukulka.pl\/blog\/#website","url":"https:\/\/meblekukulka.pl\/blog\/","name":"Blog Meble Kuku\u0142ka","description":"","potentialAction":[{"@type":"SearchAction","target":{"@type":"EntryPoint","urlTemplate":"https:\/\/meblekukulka.pl\/blog\/?s={search_term_string}"},"query-input":"required name=search_term_string"}],"inLanguage":"pl-PL"},{"@type":"Person","@id":"https:\/\/meblekukulka.pl\/blog\/#\/schema\/person\/423fc8d598bc317d47773d31ecdd4162","name":"Redakcja meblekuku\u0142ka","description":"Meble Kuku\u0142ka to internetowy sklep z meblami, a jednocze\u015bnie producent mebli tapicerowanych, kt\u00f3ry ju\u017c od wielu lat urz\u0105dza wn\u0119trza tysi\u0119cy ludzi. Poprzez tworzenie mebli zdobyli\u015bmy wiele umiej\u0119tno\u015bci oraz do\u015bwiadczenie, kt\u00f3re teraz wykorzystujemy, aby pomaga\u0107 innym w aran\u017cacji ich dom\u00f3w i mieszka\u0144. Jako Meble Kuku\u0142kanieustannie \u015bledzimy najnowsze trendy, z kt\u00f3rych czerpiemy inspiracje i dzielimy si\u0119 nimi na naszym blogu. Dzi\u0119ki temu umo\u017cliwiamy innym stworzenie stylowych i modnych wn\u0119trz o r\u00f3\u017cnym charakterze. Z naszej strony zawsze mo\u017cesz liczy\u0107 na cenne porady, przewodniki, a tak\u017ce zainspirowa\u0107 si\u0119 naszymi pomys\u0142ami lub odkry\u0107 nowo\u015bci ze \u015bwiata designu. Je\u015bli wi\u0119c brakuje Ci wizji na urz\u0105dzenie poszczeg\u00f3lnych pomieszcze\u0144, nie wiesz jak dobra\u0107 najlepsze meble lub jak je ustawi\u0107 czy sprawi\u0107, by zachowa\u0142y sw\u00f3j wygl\u0105d na lata \u2013 sprawd\u017a rady od Meble Kuku\u0142ka! Zapewniamy, \u017ce jako bezpo\u015bredni producent mebli zawsze odpowiednio Ci doradzimy oraz przeprowadzimy Ci\u0119 przez etap urz\u0105dzania domu od A do Z. Na swoim koncie posiadamy ju\u017c ponad 3000 umeblowanych mieszka\u0144 \u2013 do\u0142\u0105czysz do nich?"}]}},"builder_content":"<p><strong>Przedpok\u00f3j<\/strong> jest pomieszczeniem, o aran\u017cacji kt\u00f3rego zapomina wiele os\u00f3b. Urz\u0105dzaj\u0105c lub remontuj\u0105c mieszkanie nasza uwaga najcz\u0119\u015bciej skoncentrowana jest na salonie, kuchni, \u0142azience czy poszczeg\u00f3lnych pokojach, a najmniejsz\u0105 uwag\u0119 przyk\u0142adamy <strong>przedpokojowi<\/strong>. Musimy jednak przyzna\u0107, \u017ce jest to du\u017cy b\u0142\u0105d! W ko\u0144cu <strong>przedpok\u00f3j<\/strong> to pomieszczenie, w kt\u00f3rym zazwyczaj witamy naszych go\u015bci, i kt\u00f3re robi na naszych bliskich pierwsze wra\u017cenie. Z tego wzgl\u0119du warto zwr\u00f3ci\u0107 wi\u0119ksz\u0105 uwag\u0119 na <strong>aran\u017cacj\u0119 przedpokoju<\/strong> i wyb\u00f3r odpowiednich mebli czy dodatk\u00f3w do tego pomieszczenia. Najcz\u0119\u015bciej g\u0142\u00f3wnym elementem <strong>przedpokoju<\/strong> jest <strong>du\u017ca, pojemna szafa<\/strong>. Dlatego te\u017c to na tym meblu skoncentrujemy si\u0119 w poni\u017cszym artykule!<\/p>\n<h2>Sprawd\u017a najlepsze meble w naszym sklepie meblekukulka.pl<\/h2>\n<a href=\"https:\/\/meblekukulka.pl\/30-sofy-tapicerowane\" > <img loading=\"lazy\" decoding=\"async\" src=\"https:\/\/meblekukulka.pl\/blog\/wp-content\/uploads\/2023\/04\/living-room-g0135a726e_1280-1024x682-200x160.jpg\" width=\"200\" height=\"160\" title=\"Sofy\" alt=\"Sofy tapicerowane\"> <\/a> <h3> <a href=\"https:\/\/meblekukulka.pl\/30-sofy-tapicerowane\" > Sofy <\/a> <\/h3> \n <a href=\"https:\/\/meblekukulka.pl\/16-kanapy-tapicerowane\" > <img loading=\"lazy\" decoding=\"async\" src=\"https:\/\/meblekukulka.pl\/blog\/wp-content\/uploads\/2023\/04\/sofa-g6ef369d14_1280-1024x667-200x160.jpg\" width=\"200\" height=\"160\" title=\"Kanapy\" alt=\"Kanapy tapicerowane\"> <\/a> <h3> <a href=\"https:\/\/meblekukulka.pl\/16-kanapy-tapicerowane\" > Kanapy <\/a> <\/h3> \n <a href=\"https:\/\/meblekukulka.pl\/22-lozka-tapicerowane-i-drewniane\" > <img loading=\"lazy\" decoding=\"async\" src=\"https:\/\/meblekukulka.pl\/blog\/wp-content\/uploads\/2023\/04\/bedroom-g61dbb7d13_1280-3-1024x682-200x160.jpg\" width=\"200\" height=\"160\" title=\"\u0141\u00f3\u017cka\" alt=\"\u0141\u00f3\u017cka tapicerowane\"> <\/a> <h3> <a href=\"https:\/\/meblekukulka.pl\/22-lozka-tapicerowane-i-drewniane\" > \u0141\u00f3\u017cka <\/a> <\/h3> \n <a href=\"https:\/\/meblekukulka.pl\/12-fotele-tapicerowane\" > <img loading=\"lazy\" decoding=\"async\" src=\"https:\/\/meblekukulka.pl\/blog\/wp-content\/uploads\/2022\/01\/design-gaf2c29ee1_1920-820x1024-200x160.jpg\" width=\"200\" height=\"160\" title=\"Fotele\" alt=\"Fotele tapicerowane\"> <\/a> <h3> <a href=\"https:\/\/meblekukulka.pl\/12-fotele-tapicerowane\" > Fotele <\/a> <\/h3>\n<h2>Jaki kolor szafy do przedpokoju?<\/h2> <p><strong>Meble w przedpokoju<\/strong> s\u0142u\u017c\u0105 g\u0142\u00f3wnie do przechowywania ubra\u0144, but\u00f3w oraz innych przedmiot\u00f3w osobistych. Dlatego oczywistym jest to, \u017ce w wi\u0119kszo\u015bci <strong>przedpokoj\u00f3w<\/strong> znajduje si\u0119 przestronna szafa, kt\u00f3r\u0105 uzupe\u0142niaj\u0105 inne <strong>meble do przedpokoju<\/strong>, jak wieszak, stojak na buty czy ma\u0142a komoda. Niemniej g\u0142\u00f3wnym element stanowi wspomniana szafa. Podczas <strong>aran\u017cacji przedpokoju<\/strong> wa\u017cne jest, aby dobra\u0107 meble zgodnie z naszymi potrzebami. Im wi\u0119cej domownik\u00f3w, tym wi\u0119ksz\u0105 szaf\u0119 powinni\u015bmy wybra\u0107. Istotne jest jednak to, aby wybrana przez nas <strong>szafa<\/strong> wsp\u00f3\u0142gra\u0142a z innymi elementami <strong>przedpokoju<\/strong> oraz ca\u0142ego mieszkania. W zwi\u0105zku z tym du\u017ce znaczenie ma wyb\u00f3r <strong>koloru szafy<\/strong>. Ten powinien pasowa\u0107 do koloru \u015bcian, wyko\u0144czenia pod\u0142\u00f3g, pozosta\u0142ych mebli, a tak\u017ce ma\u0142ych dekoracji i dodatk\u00f3w. <strong>Kolor szafy do przedpokoju<\/strong> zale\u017cny jest tak\u017ce od stylu, w kt\u00f3rym urz\u0105dzamy nasze mieszkanie. W <strong>nowoczesnych wn\u0119trzach<\/strong> dobr\u0105 opcj\u0105 jest minimalistyczna, <strong>nowoczesna szafa<\/strong> w jednolitym kolorze. Najcz\u0119\u015bciej kolorem tym jest bia\u0142y, czarny czy grafitowy. Do <strong>wn\u0119trz klasycznych<\/strong> polecamy natomiast<strong> szafy drewniane<\/strong> lub w kolorze imituj\u0105cym naturalne drewno.<\/p> <h2>Kolor szafy a wielko\u015b\u0107 pomieszczenia<\/h2> <p>Wyb\u00f3r koloru nie powinien zale\u017ce\u0107 tylko i wy\u0142\u0105cznie od wystroju naszego wn\u0119trza, a tak\u017ce jego wielko\u015b\u0107. Do <strong>ma\u0142ego przedpokoju<\/strong> polecamy wyb\u00f3r <strong>szafy<\/strong> w jasnym kolorze. W ten spos\u00f3b bardziej roz\u015bwietlimy niewielkie pomieszczenie, sprawiaj\u0105c wra\u017cenie, jakby jego metra\u017c by\u0142 nieco wi\u0119kszy.<strong> Jasny kolor szafy<\/strong> sprawi, \u017ce pomieszczenie optycznie stanie si\u0119 bardziej przestronne.<\/p> <h3>Doskona\u0142e szafy do przedpokoju i nie tylko z Meble Kuku\u0142ka<\/h3> <p>Szeroki wyb\u00f3r <strong>nowoczesnych i klasycznych szaf<\/strong> znajdziesz w ofercie naszego sklepu Meble Kuku\u0142ka! W naszym asortymencie dost\u0119pne s\u0105 <a href=\"https:\/\/meblekukulka.pl\/48-szafy-przesuwne\">szafy przesuwne<\/a>, <a href=\"https:\/\/meblekukulka.pl\/49-szafy-jednodrzwiowe\">szafy jednodrzwiowe<\/a> i <a href=\"https:\/\/meblekukulka.pl\/50-szafy-dwudrzwiowe\">szafy dwudrzwiowe<\/a>, a tak\u017ce jeszcze wi\u0119ksze <strong>trzydrzwiowe szafy<\/strong>. Posiadamy tak\u017ce <strong>szafy z lustrem<\/strong>, kt\u00f3re jeszcze bardziej \u201epowi\u0119ksz\u0105\u201d ma\u0142y przedpok\u00f3j. Sprawd\u017a nasz\u0105 ofert\u0119 i wybierz najlepsze <a href=\"https:\/\/meblekukulka.pl\/33-szafy\">szafy<\/a> <strong>do przedpokoju, sypialni<\/strong> czy <strong>salonu<\/strong> ju\u017c dzi\u015b!<\/p>","_links":{"self":[{"href":"https:\/\/meblekukulka.pl\/blog\/wp-json\/wp\/v2\/posts\/1285"}],"collection":[{"href":"https:\/\/meblekukulka.pl\/blog\/wp-json\/wp\/v2\/posts"}],"about":[{"href":"https:\/\/meblekukulka.pl\/blog\/wp-json\/wp\/v2\/types\/post"}],"author":[{"embeddable":true,"href":"https:\/\/meblekukulka.pl\/blog\/wp-json\/wp\/v2\/users\/9"}],"replies":[{"embeddable":true,"href":"https:\/\/meblekukulka.pl\/blog\/wp-json\/wp\/v2\/comments?post=1285"}],"version-history":[{"count":9,"href":"https:\/\/meblekukulka.pl\/blog\/wp-json\/wp\/v2\/posts\/1285\/revisions"}],"predecessor-version":[{"id":1369,"href":"https:\/\/meblekukulka.pl\/blog\/wp-json\/wp\/v2\/posts\/1285\/revisions\/1369"}],"wp:featuredmedia":[{"embeddable":true,"href":"https:\/\/meblekukulka.pl\/blog\/wp-json\/wp\/v2\/media\/1324"}],"wp:attachment":[{"href":"https:\/\/meblekukulka.pl\/blog\/wp-json\/wp\/v2\/media?parent=1285"}],"wp:term":[{"taxonomy":"category","embeddable":true,"href":"https:\/\/meblekukulka.pl\/blog\/wp-json\/wp\/v2\/categories?post=1285"},{"taxonomy":"post_tag","embeddable":true,"href":"https:\/\/meblekukulka.pl\/blog\/wp-json\/wp\/v2\/tags?post=1285"}],"curies":[{"name":"wp","href":"https:\/\/api.w.org\/{rel}","templated":true}]}}