{"id":1199,"date":"2022-02-16T13:05:01","date_gmt":"2022-02-16T13:05:01","guid":{"rendered":"https:\/\/www.meblekukulka.pl\/blog\/?p=1199"},"modified":"2023-04-25T13:04:41","modified_gmt":"2023-04-25T13:04:41","slug":"jakie-meble-wypoczynkowe-do-salonu","status":"publish","type":"post","link":"https:\/\/meblekukulka.pl\/blog\/jakie-meble-wypoczynkowe-do-salonu\/","title":{"rendered":"Jakie meble wypoczynkowe do salonu?"},"content":{"rendered":"<!--themify_builder_content-->\n<div id=\"themify_builder_content-1199\" data-postid=\"1199\" class=\"themify_builder_content themify_builder_content-1199 themify_builder tf_clear\">\n    \t<!-- module_row -->\n\t<div  data-lazy=\"1\" class=\"module_row themify_builder_row tb_unw7532 tb_first tf_clearfix\">\n\t    \t\t<div class=\"row_inner col_align_top col-count-1 tf_box tf_w tf_rel\">\n\t\t\t<div  data-lazy=\"1\" class=\"module_column tb-column col-full first tb_05g1533 tf_box\">\n\t\t\t    \t        <div class=\"tb-column-inner tf_box tf_w\">\n\t\t    <!-- module text -->\n<div  class=\"module module-text tb_3kn6375   \" data-lazy=\"1\">\n        <div  class=\"tb_text_wrap\">\n    <p>Podczas urz\u0105dzania mieszkania jednym z pomieszcze\u0144, nad kt\u00f3rym warto odrobin\u0119 d\u0142u\u017cej si\u0119 zastanowi\u0107 jest salon. Dlaczego? Ot\u00f3\u017c salon, zwany tak\u017ce pokojem dziennym jest miejscem, w kt\u00f3rym cz\u0119sto sp\u0119dzamy wi\u0119kszo\u015b\u0107 czasu w ci\u0105gu dnia. Z tego wzgl\u0119du powinien by\u0107 on przytulny, a przy tym komfortowy, wygodny i praktyczny, aby ka\u017cda chwila w nim sp\u0119dzana by\u0142a dla nas przyjemno\u015bci\u0105. Pozostaje wi\u0119c pytanie \u2013 <strong>jakie meble do salonu wybra\u0107<\/strong>? Poni\u017cej skupimy si\u0119 zw\u0142aszcza na <strong>meblach wypoczynkowych do salonu<\/strong>, bo to w\u0142a\u015bnie one odpowiadaj\u0105 g\u0142\u00f3wnie za nasz\u0105 wygod\u0119 i mo\u017cliwo\u015b\u0107 relaksu.<\/p>    <\/div>\n<\/div>\n<!-- \/module text --><!-- module template_part -->\n<div  class=\"module module-layout-part tb_dkpa545 \">\n    <div class=\"tb_layout_part_wrap tf_w\"><!--themify_builder_content-->\n    <div  class=\"themify_builder_content themify_builder_content-1291 themify_builder not_editable_builder in_the_loop\" data-postid=\"1291\">\n        \t<!-- module_row -->\n\t<div  data-lazy=\"1\" class=\"module_row themify_builder_row tb_7met93 tf_clearfix\">\n\t    \t\t<div class=\"row_inner col_align_top col-count-1 tf_box tf_w tf_rel\">\n\t\t\t<div  data-lazy=\"1\" class=\"module_column tb-column col-full first tb_hxqr94 tf_box\">\n\t\t\t    \t        <div class=\"tb-column-inner tf_box tf_w\">\n\t\t    <!-- module text -->\n<div  class=\"module module-text tb_2w0g783   \" data-lazy=\"1\">\n        <div  class=\"tb_text_wrap\">\n    <h2>Sprawd\u017a najlepsze meble w naszym sklepie meblekukulka.pl<\/h2>    <\/div>\n<\/div>\n<!-- \/module text -->\t        <\/div>\n\t    \t<\/div>\n\t\t    <\/div>\n\t    <!-- \/row_inner -->\n\t<\/div>\n\t<!-- \/module_row -->\n\t    <\/div>\n<!--\/themify_builder_content--><\/div>\n<\/div>\n<!-- \/module template_part -->\n<!-- module template_part -->\n<div  class=\"module module-layout-part tb_cb6589 \">\n    <div class=\"tb_layout_part_wrap tf_w\"><!--themify_builder_content-->\n    <div  class=\"themify_builder_content themify_builder_content-1289 themify_builder not_editable_builder in_the_loop\" data-postid=\"1289\">\n        \t<!-- module_row -->\n\t<div  data-lazy=\"1\" class=\"module_row themify_builder_row tb_mf43696 tf_clearfix\" >\n\t    \t\t<div class=\"row_inner col_align_top col-count-4 tf_box tf_w tf_rel\">\n\t\t\t<div  data-lazy=\"1\" class=\"module_column tb-column col4-1 first tb_g4bw696 repeat tf_box\">\n\t\t\t    \t        <div class=\"tb-column-inner tf_box tf_w\">\n\t\t    <!-- module image -->\n<div  class=\"module module-image tb_l0zr696   image-full-overlay auto_fullwidth tf_mw\" data-lazy=\"1\">\n        <div class=\"image-wrap tf_rel tf_mw\">\n\t\t    <a href=\"https:\/\/meblekukulka.pl\/30-sofy-tapicerowane\"\n\t       \t       >\n\t\t   \t\t<img loading=\"lazy\" decoding=\"async\" src=\"https:\/\/meblekukulka.pl\/blog\/wp-content\/uploads\/2023\/04\/living-room-g0135a726e_1280-1024x682-200x160.jpg\" width=\"200\" height=\"160\" class=\"wp-post-image wp-image-1529\" title=\"Sofy\" alt=\"Sofy tapicerowane\">\t    <\/a>\n\t\n\t\t<\/div>\n\t<!-- \/image-wrap -->\n    \n    \t<div class=\"image-content tf_overflow\">\n\t    \t\t\t<h3 class=\"image-title\">\n\t\t\t\t\t\t\t\t\t<a href=\"https:\/\/meblekukulka.pl\/30-sofy-tapicerowane\" \n\t\t\t\t\t   \t\t\t\t\t   >\n\t\t\t\t\t\t   Sofy\t\t\t\t\t<\/a>\n\t\t\t\t\t\t\t<\/h3>\n\t    \n\t    \t<\/div>\n\t<!-- \/image-content -->\n    \t<\/div>\n<!-- \/module image -->\t        <\/div>\n\t    \t<\/div>\n\t\t<div  data-lazy=\"1\" class=\"module_column tb-column col4-1 second tb_c6nh696 tf_box\">\n\t\t\t    \t        <div class=\"tb-column-inner tf_box tf_w\">\n\t\t    <!-- module image -->\n<div  class=\"module module-image tb_6d9l696   image-full-overlay auto_fullwidth tf_mw\" data-lazy=\"1\">\n        <div class=\"image-wrap tf_rel tf_mw\">\n\t\t    <a href=\"https:\/\/meblekukulka.pl\/16-kanapy-tapicerowane\"\n\t       \t       >\n\t\t   \t\t<img loading=\"lazy\" decoding=\"async\" src=\"https:\/\/meblekukulka.pl\/blog\/wp-content\/uploads\/2023\/04\/sofa-g6ef369d14_1280-1024x667-200x160.jpg\" width=\"200\" height=\"160\" class=\"wp-post-image wp-image-1532\" title=\"Kanapy\" alt=\"Kanapy tapicerowane\">\t    <\/a>\n\t\n\t\t<\/div>\n\t<!-- \/image-wrap -->\n    \n    \t<div class=\"image-content tf_overflow\">\n\t    \t\t\t<h3 class=\"image-title\">\n\t\t\t\t\t\t\t\t\t<a href=\"https:\/\/meblekukulka.pl\/16-kanapy-tapicerowane\" \n\t\t\t\t\t   \t\t\t\t\t   >\n\t\t\t\t\t\t   Kanapy\t\t\t\t\t<\/a>\n\t\t\t\t\t\t\t<\/h3>\n\t    \n\t    \t<\/div>\n\t<!-- \/image-content -->\n    \t<\/div>\n<!-- \/module image -->\t        <\/div>\n\t    \t<\/div>\n\t\t<div  data-lazy=\"1\" class=\"module_column tb-column col4-1 third tb_8l2f696 tf_box\">\n\t\t\t    \t        <div class=\"tb-column-inner tf_box tf_w\">\n\t\t    <!-- module image -->\n<div  class=\"module module-image tb_7vyr696   image-full-overlay auto_fullwidth tf_mw\" data-lazy=\"1\">\n        <div class=\"image-wrap tf_rel tf_mw\">\n\t\t    <a href=\"https:\/\/meblekukulka.pl\/22-lozka-tapicerowane-i-drewniane\"\n\t       \t       >\n\t\t   \t\t<img loading=\"lazy\" decoding=\"async\" src=\"https:\/\/meblekukulka.pl\/blog\/wp-content\/uploads\/2023\/04\/bedroom-g61dbb7d13_1280-3-1024x682-200x160.jpg\" width=\"200\" height=\"160\" class=\"wp-post-image wp-image-1528\" title=\"\u0141\u00f3\u017cka\" alt=\"\u0141\u00f3\u017cka tapicerowane\">\t    <\/a>\n\t\n\t\t<\/div>\n\t<!-- \/image-wrap -->\n    \n    \t<div class=\"image-content tf_overflow\">\n\t    \t\t\t<h3 class=\"image-title\">\n\t\t\t\t\t\t\t\t\t<a href=\"https:\/\/meblekukulka.pl\/22-lozka-tapicerowane-i-drewniane\" \n\t\t\t\t\t   \t\t\t\t\t   >\n\t\t\t\t\t\t   \u0141\u00f3\u017cka\t\t\t\t\t<\/a>\n\t\t\t\t\t\t\t<\/h3>\n\t    \n\t    \t<\/div>\n\t<!-- \/image-content -->\n    \t<\/div>\n<!-- \/module image -->\t        <\/div>\n\t    \t<\/div>\n\t\t<div  data-lazy=\"1\" class=\"module_column tb-column col4-1 last tb_9kxr696 repeat tf_box\">\n\t\t\t    \t        <div class=\"tb-column-inner tf_box tf_w\">\n\t\t    <!-- module image -->\n<div  class=\"module module-image tb_ase2696   image-full-overlay auto_fullwidth tf_mw\" data-lazy=\"1\">\n        <div class=\"image-wrap tf_rel tf_mw\">\n\t\t    <a href=\"https:\/\/meblekukulka.pl\/12-fotele-tapicerowane\"\n\t       \t       >\n\t\t   \t\t<img loading=\"lazy\" decoding=\"async\" src=\"https:\/\/meblekukulka.pl\/blog\/wp-content\/uploads\/2022\/01\/design-gaf2c29ee1_1920-820x1024-200x160.jpg\" width=\"200\" height=\"160\" class=\"wp-post-image wp-image-1089\" title=\"Fotele\" alt=\"Fotele tapicerowane\">\t    <\/a>\n\t\n\t\t<\/div>\n\t<!-- \/image-wrap -->\n    \n    \t<div class=\"image-content tf_overflow\">\n\t    \t\t\t<h3 class=\"image-title\">\n\t\t\t\t\t\t\t\t\t<a href=\"https:\/\/meblekukulka.pl\/12-fotele-tapicerowane\" \n\t\t\t\t\t   \t\t\t\t\t   >\n\t\t\t\t\t\t   Fotele\t\t\t\t\t<\/a>\n\t\t\t\t\t\t\t<\/h3>\n\t    \n\t    \t<\/div>\n\t<!-- \/image-content -->\n    \t<\/div>\n<!-- \/module image -->\t        <\/div>\n\t    \t<\/div>\n\t\t    <\/div>\n\t    <!-- \/row_inner -->\n\t<\/div>\n\t<!-- \/module_row -->\n\t    <\/div>\n<!--\/themify_builder_content--><\/div>\n<\/div>\n<!-- \/module template_part -->\n<!-- module text -->\n<div  class=\"module module-text tb_9gx3499   \" data-lazy=\"1\">\n        <div  class=\"tb_text_wrap\">\n    <h2>Tapicerowana kanapa, sofa czy naro\u017cnik do salonu?<\/h2>\n<p>W\u015br\u00f3d <strong>mebli wypoczynkowych<\/strong> mo\u017cemy wyr\u00f3\u017cni\u0107 kilka element\u00f3w. Podstawowymi s\u0105 kanapa, sofa oraz naro\u017cnik. To mi\u0119dzy tymi meblami najcz\u0119\u015bciej dokonujemy wyboru. Opr\u00f3cz samego rodzaju mebla musi zdecydowa\u0107 si\u0119 r\u00f3wnie\u017c na materia\u0142, z kt\u00f3rego jest wykonany, kolor oraz ewentualne dodatkowe funkcje. W naszej opinii doskona\u0142ym wyborem s\u0105 <strong>meble tapicerowane do salonu<\/strong>. Dlaczego? Ot\u00f3\u017c zar\u00f3wno <strong>tapicerowana kanapa, sofa czy naro\u017cnik do pokoju dziennego<\/strong> gwarantuj\u0105 doskona\u0142y wygl\u0105d, styl, a przy tym pozostaj\u0105 mi\u0119kkie i wygodne. Co wi\u0119cej, <strong>tapicerowane meble wypoczynkowe<\/strong> dost\u0119pne s\u0105 w wielu wariantach kolorystycznych, tym samym mo\u017cemy swobodnie dobra\u0107 najbardziej pasuj\u0105c\u0105 opcj\u0119 do naszego stylu i wystroju wn\u0119trza.<\/p>\n<p>Teraz zastan\u00f3wmy si\u0119 nad kwesti\u0105 tego, kt\u00f3ry ze wspomnianych mebli b\u0119dzie stanowi\u0142 dla nas najbardziej odpowiedni wyb\u00f3r? <strong>Tapicerowany naro\u017cnik do salonu<\/strong> to rozwi\u0105zanie, kt\u00f3re doceni\u0105 szczeg\u00f3lnie osoby cz\u0119sto przyjmuj\u0105ce go\u015bci. Dzi\u0119ki naro\u017cnikowi z \u0142atwo\u015bci\u0105 ugo\u015bcimy wszystkich w naszym salonie i zapewnimy im mo\u017cliwo\u015b\u0107 wygodnego siedzenia. Z kolei<strong> kanapa i sofa tapicerowana do salonu<\/strong> \u015bwietnie sprawdz\u0105 si\u0119 w mniejszych pomieszczeniach. Pami\u0119tajmy jednak, \u017ce w razie potrzeby zawsze mo\u017cemy zdecydowa\u0107 si\u0119 na zakup nieco wi\u0119kszej<strong> kanapy lub sofy tapicerowanej<\/strong>, kt\u00f3ra pomie\u015bci 3 osoby lub nawet wi\u0119cej.<\/p>    <\/div>\n<\/div>\n<!-- \/module text --><!-- module text -->\n<div  class=\"module module-text tb_qno2665   \" data-lazy=\"1\">\n        <div  class=\"tb_text_wrap\">\n    <h2>Fotele tapicerowane do salonu<\/h2>\n<p>Kolejnym <strong>meblem wypoczynkowym tapicerowanym<\/strong>, kt\u00f3ry mo\u017ce doskonale uzupe\u0142ni\u0107 salon jest fotel. <a href=\"https:\/\/meblekukulka.pl\/12-fotele-tapicerowane\">Fotele tapicerowane<\/a> b\u0119d\u0105 pi\u0119knie prezentowa\u0107 si\u0119 zar\u00f3wno w po\u0142\u0105czeniu z naro\u017cnikiem, jak i sof\u0105 czy kanap\u0105. Ponadto, zapewni\u0105 one dodatkow\u0105 przestrze\u0144 do siedzenia i relaksu. W przypadku <strong>fotelu tapicerowanych do salonu<\/strong> szczeg\u00f3lnie polecamy<strong> fotele uszaki<\/strong> oraz <strong>fotele muszelki<\/strong>. Ka\u017cdy z tych mebli idealnie wpasuje si\u0119 do ka\u017cdego stylu wn\u0119trza i b\u0119dzie stanowi\u0107 niezawodne uzupe\u0142nienie wn\u0119trza.<\/p>\n<h3>Meble wypoczynkowe rozk\u0142adane do salonu<\/h3>\n<p>Kiedy wybierzemy ju\u017c odpowiedni mebel, dobierzemy jego kolor oraz wyko\u0144czenie, pami\u0119tajmy r\u00f3wnie\u017c o dodatkowych opcjach, kt\u00f3re mo\u017ce on oferowa\u0107. Zar\u00f3wno <strong>naro\u017cniki<\/strong>, <strong>sofy i kanapy tapicerowane<\/strong>, a tak\u017ce <strong>fotele tapicerowane do salonu<\/strong> mog\u0105 posiada\u0107 funkcj\u0119 rozk\u0142adania. To doskona\u0142e rozwi\u0105zanie, kt\u00f3re w razie potrzeby pomo\u017ce nam przenocowa\u0107 naszych go\u015bci, albo zapewni nam samym miejsce do drzemki lub odpoczynku w ci\u0105gu dnia.<\/p>\n<h3>Meble tapicerowane wypoczynkowe z Meble Kuku\u0142ka<\/h3>\n<p>Jeste\u015b zdecydowany na wyb\u00f3r <a href=\"https:\/\/meblekukulka.pl\/16-kanapy-tapicerowane\">kanapy tapicerowanej<\/a> <strong>lub<\/strong> <a href=\"https:\/\/meblekukulka.pl\/30-sofy-tapicerowane\">sofy tapicerowanej<\/a>? A mo\u017ce jednak wolisz postawi\u0107 na naro\u017cnik do pokoju dziennego? Niezale\u017cnie od ostatecznego wyboru zach\u0119camy Ci\u0119 do sprawdzenia oferty przygotowanej przez<strong> sklep Meble Kuku\u0142ka<\/strong>! W asortymencie sklepu znajdziesz wyj\u0105tkowe i gwarantuj\u0105ce najwy\u017csz\u0105 jako\u015b\u0107 <a href=\"https:\/\/meblekukulka.pl\/89-meble-wypoczynkowe-do-salonu\">meble wypoczynkowe do salonu<\/a>, w tym r\u00f3wnie\u017c <strong>naro\u017cniki, kanapy, sofy i fotele z funkcj\u0105 spania<\/strong>. Sprawd\u017a wszystkie dost\u0119pne opcje i wybierz meble do swojego salonu ju\u017c dzi\u015b!<\/p>    <\/div>\n<\/div>\n<!-- \/module text -->\t        <\/div>\n\t    \t<\/div>\n\t\t    <\/div>\n\t    <!-- \/row_inner -->\n\t<\/div>\n\t<!-- \/module_row -->\n\t<\/div>\n<!--\/themify_builder_content-->","protected":false},"excerpt":{"rendered":"<p>Podczas urz\u0105dzania mieszkania jednym z pomieszcze\u0144, nad kt\u00f3rym warto odrobin\u0119 d\u0142u\u017cej si\u0119 zastanowi\u0107 jest salon. Dlaczego? Ot\u00f3\u017c salon, zwany tak\u017ce pokojem dziennym jest miejscem, w kt\u00f3rym cz\u0119sto sp\u0119dzamy wi\u0119kszo\u015b\u0107 czasu w ci\u0105gu dnia. Z tego wzgl\u0119du powinien by\u0107 on przytulny, a przy tym komfortowy, wygodny i praktyczny, aby ka\u017cda chwila w nim sp\u0119dzana by\u0142a dla [&hellip;]<\/p>\n","protected":false},"author":9,"featured_media":1202,"comment_status":"open","ping_status":"closed","sticky":false,"template":"","format":"standard","meta":{"footnotes":""},"categories":[1],"tags":[],"class_list":["post-1199","post","type-post","status-publish","format-standard","has-post-thumbnail","hentry","category-inspiracje","has-post-title","has-post-date","has-post-category","has-post-tag","has-post-comment","has-post-author",""],"yoast_head":"<!-- This site is optimized with the Yoast SEO plugin v23.1 - https:\/\/yoast.com\/wordpress\/plugins\/seo\/ -->\n<title>Jakie meble wypoczynkowe do salonu? | Blog Meble Kuku\u0142ka<\/title>\n<meta name=\"description\" content=\"Blog Meble Kuku\u0142ka - Jakie meble wypoczynkowe do salonu? - Porady i ciekawostki ze \u015bwiata wn\u0119trz i aran\u017cacji.\" \/>\n<meta name=\"robots\" content=\"index, follow, max-snippet:-1, max-image-preview:large, max-video-preview:-1\" \/>\n<link rel=\"canonical\" href=\"https:\/\/meblekukulka.pl\/blog\/jakie-meble-wypoczynkowe-do-salonu\/\" \/>\n<meta property=\"og:locale\" content=\"pl_PL\" \/>\n<meta property=\"og:type\" content=\"article\" \/>\n<meta property=\"og:title\" content=\"Jakie meble wypoczynkowe do salonu? | Blog Meble Kuku\u0142ka\" \/>\n<meta property=\"og:description\" content=\"Blog Meble Kuku\u0142ka - Jakie meble wypoczynkowe do salonu? - Porady i ciekawostki ze \u015bwiata wn\u0119trz i aran\u017cacji.\" \/>\n<meta property=\"og:url\" content=\"https:\/\/meblekukulka.pl\/blog\/jakie-meble-wypoczynkowe-do-salonu\/\" \/>\n<meta property=\"og:site_name\" content=\"Blog Meble Kuku\u0142ka\" \/>\n<meta property=\"article:publisher\" content=\"https:\/\/www.facebook.com\/meblekukulka\/\" \/>\n<meta property=\"article:published_time\" content=\"2022-02-16T13:05:01+00:00\" \/>\n<meta property=\"article:modified_time\" content=\"2023-04-25T13:04:41+00:00\" \/>\n<meta property=\"og:image\" content=\"https:\/\/meblekukulka.pl\/blog\/wp-content\/uploads\/2022\/02\/chair-270980_1920.jpg\" \/>\n\t<meta property=\"og:image:width\" content=\"1920\" \/>\n\t<meta property=\"og:image:height\" content=\"1280\" \/>\n\t<meta property=\"og:image:type\" content=\"image\/jpeg\" \/>\n<meta name=\"author\" content=\"Redakcja meblekuku\u0142ka\" \/>\n<meta name=\"twitter:card\" content=\"summary_large_image\" \/>\n<meta name=\"twitter:label1\" content=\"Napisane przez\" \/>\n\t<meta name=\"twitter:data1\" content=\"Redakcja meblekuku\u0142ka\" \/>\n\t<meta name=\"twitter:label2\" content=\"Szacowany czas czytania\" \/>\n\t<meta name=\"twitter:data2\" content=\"3 minuty\" \/>\n<script type=\"application\/ld+json\" class=\"yoast-schema-graph\">{\"@context\":\"https:\/\/schema.org\",\"@graph\":[{\"@type\":\"WebPage\",\"@id\":\"https:\/\/meblekukulka.pl\/blog\/jakie-meble-wypoczynkowe-do-salonu\/\",\"url\":\"https:\/\/meblekukulka.pl\/blog\/jakie-meble-wypoczynkowe-do-salonu\/\",\"name\":\"Jakie meble wypoczynkowe do salonu? | Blog Meble Kuku\u0142ka\",\"isPartOf\":{\"@id\":\"https:\/\/meblekukulka.pl\/blog\/#website\"},\"primaryImageOfPage\":{\"@id\":\"https:\/\/meblekukulka.pl\/blog\/jakie-meble-wypoczynkowe-do-salonu\/#primaryimage\"},\"image\":{\"@id\":\"https:\/\/meblekukulka.pl\/blog\/jakie-meble-wypoczynkowe-do-salonu\/#primaryimage\"},\"thumbnailUrl\":\"https:\/\/meblekukulka.pl\/blog\/wp-content\/uploads\/2022\/02\/chair-270980_1920.jpg\",\"datePublished\":\"2022-02-16T13:05:01+00:00\",\"dateModified\":\"2023-04-25T13:04:41+00:00\",\"author\":{\"@id\":\"https:\/\/meblekukulka.pl\/blog\/#\/schema\/person\/423fc8d598bc317d47773d31ecdd4162\"},\"description\":\"Blog Meble Kuku\u0142ka - Jakie meble wypoczynkowe do salonu? - Porady i ciekawostki ze \u015bwiata wn\u0119trz i aran\u017cacji.\",\"breadcrumb\":{\"@id\":\"https:\/\/meblekukulka.pl\/blog\/jakie-meble-wypoczynkowe-do-salonu\/#breadcrumb\"},\"inLanguage\":\"pl-PL\",\"potentialAction\":[{\"@type\":\"ReadAction\",\"target\":[\"https:\/\/meblekukulka.pl\/blog\/jakie-meble-wypoczynkowe-do-salonu\/\"]}]},{\"@type\":\"ImageObject\",\"inLanguage\":\"pl-PL\",\"@id\":\"https:\/\/meblekukulka.pl\/blog\/jakie-meble-wypoczynkowe-do-salonu\/#primaryimage\",\"url\":\"https:\/\/meblekukulka.pl\/blog\/wp-content\/uploads\/2022\/02\/chair-270980_1920.jpg\",\"contentUrl\":\"https:\/\/meblekukulka.pl\/blog\/wp-content\/uploads\/2022\/02\/chair-270980_1920.jpg\",\"width\":1920,\"height\":1280},{\"@type\":\"BreadcrumbList\",\"@id\":\"https:\/\/meblekukulka.pl\/blog\/jakie-meble-wypoczynkowe-do-salonu\/#breadcrumb\",\"itemListElement\":[{\"@type\":\"ListItem\",\"position\":1,\"name\":\"Strona g\u0142\u00f3wna\",\"item\":\"https:\/\/meblekukulka.pl\/blog\/\"},{\"@type\":\"ListItem\",\"position\":2,\"name\":\"Jakie meble wypoczynkowe do salonu?\"}]},{\"@type\":\"WebSite\",\"@id\":\"https:\/\/meblekukulka.pl\/blog\/#website\",\"url\":\"https:\/\/meblekukulka.pl\/blog\/\",\"name\":\"Blog Meble Kuku\u0142ka\",\"description\":\"\",\"potentialAction\":[{\"@type\":\"SearchAction\",\"target\":{\"@type\":\"EntryPoint\",\"urlTemplate\":\"https:\/\/meblekukulka.pl\/blog\/?s={search_term_string}\"},\"query-input\":\"required name=search_term_string\"}],\"inLanguage\":\"pl-PL\"},{\"@type\":\"Person\",\"@id\":\"https:\/\/meblekukulka.pl\/blog\/#\/schema\/person\/423fc8d598bc317d47773d31ecdd4162\",\"name\":\"Redakcja meblekuku\u0142ka\",\"description\":\"Meble Kuku\u0142ka to internetowy sklep z meblami, a jednocze\u015bnie producent mebli tapicerowanych, kt\u00f3ry ju\u017c od wielu lat urz\u0105dza wn\u0119trza tysi\u0119cy ludzi. Poprzez tworzenie mebli zdobyli\u015bmy wiele umiej\u0119tno\u015bci oraz do\u015bwiadczenie, kt\u00f3re teraz wykorzystujemy, aby pomaga\u0107 innym w aran\u017cacji ich dom\u00f3w i mieszka\u0144. Jako Meble Kuku\u0142kanieustannie \u015bledzimy najnowsze trendy, z kt\u00f3rych czerpiemy inspiracje i dzielimy si\u0119 nimi na naszym blogu. Dzi\u0119ki temu umo\u017cliwiamy innym stworzenie stylowych i modnych wn\u0119trz o r\u00f3\u017cnym charakterze. Z naszej strony zawsze mo\u017cesz liczy\u0107 na cenne porady, przewodniki, a tak\u017ce zainspirowa\u0107 si\u0119 naszymi pomys\u0142ami lub odkry\u0107 nowo\u015bci ze \u015bwiata designu. Je\u015bli wi\u0119c brakuje Ci wizji na urz\u0105dzenie poszczeg\u00f3lnych pomieszcze\u0144, nie wiesz jak dobra\u0107 najlepsze meble lub jak je ustawi\u0107 czy sprawi\u0107, by zachowa\u0142y sw\u00f3j wygl\u0105d na lata \u2013 sprawd\u017a rady od Meble Kuku\u0142ka! Zapewniamy, \u017ce jako bezpo\u015bredni producent mebli zawsze odpowiednio Ci doradzimy oraz przeprowadzimy Ci\u0119 przez etap urz\u0105dzania domu od A do Z. Na swoim koncie posiadamy ju\u017c ponad 3000 umeblowanych mieszka\u0144 \u2013 do\u0142\u0105czysz do nich?\"}]}<\/script>\n<!-- \/ Yoast SEO plugin. -->","yoast_head_json":{"title":"Jakie meble wypoczynkowe do salonu? | Blog Meble Kuku\u0142ka","description":"Blog Meble Kuku\u0142ka - Jakie meble wypoczynkowe do salonu? - Porady i ciekawostki ze \u015bwiata wn\u0119trz i aran\u017cacji.","robots":{"index":"index","follow":"follow","max-snippet":"max-snippet:-1","max-image-preview":"max-image-preview:large","max-video-preview":"max-video-preview:-1"},"canonical":"https:\/\/meblekukulka.pl\/blog\/jakie-meble-wypoczynkowe-do-salonu\/","og_locale":"pl_PL","og_type":"article","og_title":"Jakie meble wypoczynkowe do salonu? | Blog Meble Kuku\u0142ka","og_description":"Blog Meble Kuku\u0142ka - Jakie meble wypoczynkowe do salonu? - Porady i ciekawostki ze \u015bwiata wn\u0119trz i aran\u017cacji.","og_url":"https:\/\/meblekukulka.pl\/blog\/jakie-meble-wypoczynkowe-do-salonu\/","og_site_name":"Blog Meble Kuku\u0142ka","article_publisher":"https:\/\/www.facebook.com\/meblekukulka\/","article_published_time":"2022-02-16T13:05:01+00:00","article_modified_time":"2023-04-25T13:04:41+00:00","og_image":[{"width":1920,"height":1280,"url":"https:\/\/meblekukulka.pl\/blog\/wp-content\/uploads\/2022\/02\/chair-270980_1920.jpg","type":"image\/jpeg"}],"author":"Redakcja meblekuku\u0142ka","twitter_card":"summary_large_image","twitter_misc":{"Napisane przez":"Redakcja meblekuku\u0142ka","Szacowany czas czytania":"3 minuty"},"schema":{"@context":"https:\/\/schema.org","@graph":[{"@type":"WebPage","@id":"https:\/\/meblekukulka.pl\/blog\/jakie-meble-wypoczynkowe-do-salonu\/","url":"https:\/\/meblekukulka.pl\/blog\/jakie-meble-wypoczynkowe-do-salonu\/","name":"Jakie meble wypoczynkowe do salonu? | Blog Meble Kuku\u0142ka","isPartOf":{"@id":"https:\/\/meblekukulka.pl\/blog\/#website"},"primaryImageOfPage":{"@id":"https:\/\/meblekukulka.pl\/blog\/jakie-meble-wypoczynkowe-do-salonu\/#primaryimage"},"image":{"@id":"https:\/\/meblekukulka.pl\/blog\/jakie-meble-wypoczynkowe-do-salonu\/#primaryimage"},"thumbnailUrl":"https:\/\/meblekukulka.pl\/blog\/wp-content\/uploads\/2022\/02\/chair-270980_1920.jpg","datePublished":"2022-02-16T13:05:01+00:00","dateModified":"2023-04-25T13:04:41+00:00","author":{"@id":"https:\/\/meblekukulka.pl\/blog\/#\/schema\/person\/423fc8d598bc317d47773d31ecdd4162"},"description":"Blog Meble Kuku\u0142ka - Jakie meble wypoczynkowe do salonu? - Porady i ciekawostki ze \u015bwiata wn\u0119trz i aran\u017cacji.","breadcrumb":{"@id":"https:\/\/meblekukulka.pl\/blog\/jakie-meble-wypoczynkowe-do-salonu\/#breadcrumb"},"inLanguage":"pl-PL","potentialAction":[{"@type":"ReadAction","target":["https:\/\/meblekukulka.pl\/blog\/jakie-meble-wypoczynkowe-do-salonu\/"]}]},{"@type":"ImageObject","inLanguage":"pl-PL","@id":"https:\/\/meblekukulka.pl\/blog\/jakie-meble-wypoczynkowe-do-salonu\/#primaryimage","url":"https:\/\/meblekukulka.pl\/blog\/wp-content\/uploads\/2022\/02\/chair-270980_1920.jpg","contentUrl":"https:\/\/meblekukulka.pl\/blog\/wp-content\/uploads\/2022\/02\/chair-270980_1920.jpg","width":1920,"height":1280},{"@type":"BreadcrumbList","@id":"https:\/\/meblekukulka.pl\/blog\/jakie-meble-wypoczynkowe-do-salonu\/#breadcrumb","itemListElement":[{"@type":"ListItem","position":1,"name":"Strona g\u0142\u00f3wna","item":"https:\/\/meblekukulka.pl\/blog\/"},{"@type":"ListItem","position":2,"name":"Jakie meble wypoczynkowe do salonu?"}]},{"@type":"WebSite","@id":"https:\/\/meblekukulka.pl\/blog\/#website","url":"https:\/\/meblekukulka.pl\/blog\/","name":"Blog Meble Kuku\u0142ka","description":"","potentialAction":[{"@type":"SearchAction","target":{"@type":"EntryPoint","urlTemplate":"https:\/\/meblekukulka.pl\/blog\/?s={search_term_string}"},"query-input":"required name=search_term_string"}],"inLanguage":"pl-PL"},{"@type":"Person","@id":"https:\/\/meblekukulka.pl\/blog\/#\/schema\/person\/423fc8d598bc317d47773d31ecdd4162","name":"Redakcja meblekuku\u0142ka","description":"Meble Kuku\u0142ka to internetowy sklep z meblami, a jednocze\u015bnie producent mebli tapicerowanych, kt\u00f3ry ju\u017c od wielu lat urz\u0105dza wn\u0119trza tysi\u0119cy ludzi. Poprzez tworzenie mebli zdobyli\u015bmy wiele umiej\u0119tno\u015bci oraz do\u015bwiadczenie, kt\u00f3re teraz wykorzystujemy, aby pomaga\u0107 innym w aran\u017cacji ich dom\u00f3w i mieszka\u0144. Jako Meble Kuku\u0142kanieustannie \u015bledzimy najnowsze trendy, z kt\u00f3rych czerpiemy inspiracje i dzielimy si\u0119 nimi na naszym blogu. Dzi\u0119ki temu umo\u017cliwiamy innym stworzenie stylowych i modnych wn\u0119trz o r\u00f3\u017cnym charakterze. Z naszej strony zawsze mo\u017cesz liczy\u0107 na cenne porady, przewodniki, a tak\u017ce zainspirowa\u0107 si\u0119 naszymi pomys\u0142ami lub odkry\u0107 nowo\u015bci ze \u015bwiata designu. Je\u015bli wi\u0119c brakuje Ci wizji na urz\u0105dzenie poszczeg\u00f3lnych pomieszcze\u0144, nie wiesz jak dobra\u0107 najlepsze meble lub jak je ustawi\u0107 czy sprawi\u0107, by zachowa\u0142y sw\u00f3j wygl\u0105d na lata \u2013 sprawd\u017a rady od Meble Kuku\u0142ka! Zapewniamy, \u017ce jako bezpo\u015bredni producent mebli zawsze odpowiednio Ci doradzimy oraz przeprowadzimy Ci\u0119 przez etap urz\u0105dzania domu od A do Z. Na swoim koncie posiadamy ju\u017c ponad 3000 umeblowanych mieszka\u0144 \u2013 do\u0142\u0105czysz do nich?"}]}},"builder_content":"<p>Podczas urz\u0105dzania mieszkania jednym z pomieszcze\u0144, nad kt\u00f3rym warto odrobin\u0119 d\u0142u\u017cej si\u0119 zastanowi\u0107 jest salon. Dlaczego? Ot\u00f3\u017c salon, zwany tak\u017ce pokojem dziennym jest miejscem, w kt\u00f3rym cz\u0119sto sp\u0119dzamy wi\u0119kszo\u015b\u0107 czasu w ci\u0105gu dnia. Z tego wzgl\u0119du powinien by\u0107 on przytulny, a przy tym komfortowy, wygodny i praktyczny, aby ka\u017cda chwila w nim sp\u0119dzana by\u0142a dla nas przyjemno\u015bci\u0105. Pozostaje wi\u0119c pytanie \u2013 <strong>jakie meble do salonu wybra\u0107<\/strong>? Poni\u017cej skupimy si\u0119 zw\u0142aszcza na <strong>meblach wypoczynkowych do salonu<\/strong>, bo to w\u0142a\u015bnie one odpowiadaj\u0105 g\u0142\u00f3wnie za nasz\u0105 wygod\u0119 i mo\u017cliwo\u015b\u0107 relaksu.<\/p>\n<h2>Sprawd\u017a najlepsze meble w naszym sklepie meblekukulka.pl<\/h2>\n<a href=\"https:\/\/meblekukulka.pl\/30-sofy-tapicerowane\" > <img loading=\"lazy\" decoding=\"async\" src=\"https:\/\/meblekukulka.pl\/blog\/wp-content\/uploads\/2023\/04\/living-room-g0135a726e_1280-1024x682-200x160.jpg\" width=\"200\" height=\"160\" title=\"Sofy\" alt=\"Sofy tapicerowane\"> <\/a> <h3> <a href=\"https:\/\/meblekukulka.pl\/30-sofy-tapicerowane\" > Sofy <\/a> <\/h3> \n <a href=\"https:\/\/meblekukulka.pl\/16-kanapy-tapicerowane\" > <img loading=\"lazy\" decoding=\"async\" src=\"https:\/\/meblekukulka.pl\/blog\/wp-content\/uploads\/2023\/04\/sofa-g6ef369d14_1280-1024x667-200x160.jpg\" width=\"200\" height=\"160\" title=\"Kanapy\" alt=\"Kanapy tapicerowane\"> <\/a> <h3> <a href=\"https:\/\/meblekukulka.pl\/16-kanapy-tapicerowane\" > Kanapy <\/a> <\/h3> \n <a href=\"https:\/\/meblekukulka.pl\/22-lozka-tapicerowane-i-drewniane\" > <img loading=\"lazy\" decoding=\"async\" src=\"https:\/\/meblekukulka.pl\/blog\/wp-content\/uploads\/2023\/04\/bedroom-g61dbb7d13_1280-3-1024x682-200x160.jpg\" width=\"200\" height=\"160\" title=\"\u0141\u00f3\u017cka\" alt=\"\u0141\u00f3\u017cka tapicerowane\"> <\/a> <h3> <a href=\"https:\/\/meblekukulka.pl\/22-lozka-tapicerowane-i-drewniane\" > \u0141\u00f3\u017cka <\/a> <\/h3> \n <a href=\"https:\/\/meblekukulka.pl\/12-fotele-tapicerowane\" > <img loading=\"lazy\" decoding=\"async\" src=\"https:\/\/meblekukulka.pl\/blog\/wp-content\/uploads\/2022\/01\/design-gaf2c29ee1_1920-820x1024-200x160.jpg\" width=\"200\" height=\"160\" title=\"Fotele\" alt=\"Fotele tapicerowane\"> <\/a> <h3> <a href=\"https:\/\/meblekukulka.pl\/12-fotele-tapicerowane\" > Fotele <\/a> <\/h3>\n<h2>Tapicerowana kanapa, sofa czy naro\u017cnik do salonu?<\/h2> <p>W\u015br\u00f3d <strong>mebli wypoczynkowych<\/strong> mo\u017cemy wyr\u00f3\u017cni\u0107 kilka element\u00f3w. Podstawowymi s\u0105 kanapa, sofa oraz naro\u017cnik. To mi\u0119dzy tymi meblami najcz\u0119\u015bciej dokonujemy wyboru. Opr\u00f3cz samego rodzaju mebla musi zdecydowa\u0107 si\u0119 r\u00f3wnie\u017c na materia\u0142, z kt\u00f3rego jest wykonany, kolor oraz ewentualne dodatkowe funkcje. W naszej opinii doskona\u0142ym wyborem s\u0105 <strong>meble tapicerowane do salonu<\/strong>. Dlaczego? Ot\u00f3\u017c zar\u00f3wno <strong>tapicerowana kanapa, sofa czy naro\u017cnik do pokoju dziennego<\/strong> gwarantuj\u0105 doskona\u0142y wygl\u0105d, styl, a przy tym pozostaj\u0105 mi\u0119kkie i wygodne. Co wi\u0119cej, <strong>tapicerowane meble wypoczynkowe<\/strong> dost\u0119pne s\u0105 w wielu wariantach kolorystycznych, tym samym mo\u017cemy swobodnie dobra\u0107 najbardziej pasuj\u0105c\u0105 opcj\u0119 do naszego stylu i wystroju wn\u0119trza.<\/p> <p>Teraz zastan\u00f3wmy si\u0119 nad kwesti\u0105 tego, kt\u00f3ry ze wspomnianych mebli b\u0119dzie stanowi\u0142 dla nas najbardziej odpowiedni wyb\u00f3r? <strong>Tapicerowany naro\u017cnik do salonu<\/strong> to rozwi\u0105zanie, kt\u00f3re doceni\u0105 szczeg\u00f3lnie osoby cz\u0119sto przyjmuj\u0105ce go\u015bci. Dzi\u0119ki naro\u017cnikowi z \u0142atwo\u015bci\u0105 ugo\u015bcimy wszystkich w naszym salonie i zapewnimy im mo\u017cliwo\u015b\u0107 wygodnego siedzenia. Z kolei<strong> kanapa i sofa tapicerowana do salonu<\/strong> \u015bwietnie sprawdz\u0105 si\u0119 w mniejszych pomieszczeniach. Pami\u0119tajmy jednak, \u017ce w razie potrzeby zawsze mo\u017cemy zdecydowa\u0107 si\u0119 na zakup nieco wi\u0119kszej<strong> kanapy lub sofy tapicerowanej<\/strong>, kt\u00f3ra pomie\u015bci 3 osoby lub nawet wi\u0119cej.<\/p>\n<h2>Fotele tapicerowane do salonu<\/h2> <p>Kolejnym <strong>meblem wypoczynkowym tapicerowanym<\/strong>, kt\u00f3ry mo\u017ce doskonale uzupe\u0142ni\u0107 salon jest fotel. <a href=\"https:\/\/meblekukulka.pl\/12-fotele-tapicerowane\">Fotele tapicerowane<\/a> b\u0119d\u0105 pi\u0119knie prezentowa\u0107 si\u0119 zar\u00f3wno w po\u0142\u0105czeniu z naro\u017cnikiem, jak i sof\u0105 czy kanap\u0105. Ponadto, zapewni\u0105 one dodatkow\u0105 przestrze\u0144 do siedzenia i relaksu. W przypadku <strong>fotelu tapicerowanych do salonu<\/strong> szczeg\u00f3lnie polecamy<strong> fotele uszaki<\/strong> oraz <strong>fotele muszelki<\/strong>. Ka\u017cdy z tych mebli idealnie wpasuje si\u0119 do ka\u017cdego stylu wn\u0119trza i b\u0119dzie stanowi\u0107 niezawodne uzupe\u0142nienie wn\u0119trza.<\/p> <h3>Meble wypoczynkowe rozk\u0142adane do salonu<\/h3> <p>Kiedy wybierzemy ju\u017c odpowiedni mebel, dobierzemy jego kolor oraz wyko\u0144czenie, pami\u0119tajmy r\u00f3wnie\u017c o dodatkowych opcjach, kt\u00f3re mo\u017ce on oferowa\u0107. Zar\u00f3wno <strong>naro\u017cniki<\/strong>, <strong>sofy i kanapy tapicerowane<\/strong>, a tak\u017ce <strong>fotele tapicerowane do salonu<\/strong> mog\u0105 posiada\u0107 funkcj\u0119 rozk\u0142adania. To doskona\u0142e rozwi\u0105zanie, kt\u00f3re w razie potrzeby pomo\u017ce nam przenocowa\u0107 naszych go\u015bci, albo zapewni nam samym miejsce do drzemki lub odpoczynku w ci\u0105gu dnia.<\/p> <h3>Meble tapicerowane wypoczynkowe z Meble Kuku\u0142ka<\/h3> <p>Jeste\u015b zdecydowany na wyb\u00f3r <a href=\"https:\/\/meblekukulka.pl\/16-kanapy-tapicerowane\">kanapy tapicerowanej<\/a> <strong>lub<\/strong> <a href=\"https:\/\/meblekukulka.pl\/30-sofy-tapicerowane\">sofy tapicerowanej<\/a>? A mo\u017ce jednak wolisz postawi\u0107 na naro\u017cnik do pokoju dziennego? Niezale\u017cnie od ostatecznego wyboru zach\u0119camy Ci\u0119 do sprawdzenia oferty przygotowanej przez<strong> sklep Meble Kuku\u0142ka<\/strong>! W asortymencie sklepu znajdziesz wyj\u0105tkowe i gwarantuj\u0105ce najwy\u017csz\u0105 jako\u015b\u0107 <a href=\"https:\/\/meblekukulka.pl\/89-meble-wypoczynkowe-do-salonu\">meble wypoczynkowe do salonu<\/a>, w tym r\u00f3wnie\u017c <strong>naro\u017cniki, kanapy, sofy i fotele z funkcj\u0105 spania<\/strong>. Sprawd\u017a wszystkie dost\u0119pne opcje i wybierz meble do swojego salonu ju\u017c dzi\u015b!<\/p>","_links":{"self":[{"href":"https:\/\/meblekukulka.pl\/blog\/wp-json\/wp\/v2\/posts\/1199"}],"collection":[{"href":"https:\/\/meblekukulka.pl\/blog\/wp-json\/wp\/v2\/posts"}],"about":[{"href":"https:\/\/meblekukulka.pl\/blog\/wp-json\/wp\/v2\/types\/post"}],"author":[{"embeddable":true,"href":"https:\/\/meblekukulka.pl\/blog\/wp-json\/wp\/v2\/users\/9"}],"replies":[{"embeddable":true,"href":"https:\/\/meblekukulka.pl\/blog\/wp-json\/wp\/v2\/comments?post=1199"}],"version-history":[{"count":7,"href":"https:\/\/meblekukulka.pl\/blog\/wp-json\/wp\/v2\/posts\/1199\/revisions"}],"predecessor-version":[{"id":1492,"href":"https:\/\/meblekukulka.pl\/blog\/wp-json\/wp\/v2\/posts\/1199\/revisions\/1492"}],"wp:featuredmedia":[{"embeddable":true,"href":"https:\/\/meblekukulka.pl\/blog\/wp-json\/wp\/v2\/media\/1202"}],"wp:attachment":[{"href":"https:\/\/meblekukulka.pl\/blog\/wp-json\/wp\/v2\/media?parent=1199"}],"wp:term":[{"taxonomy":"category","embeddable":true,"href":"https:\/\/meblekukulka.pl\/blog\/wp-json\/wp\/v2\/categories?post=1199"},{"taxonomy":"post_tag","embeddable":true,"href":"https:\/\/meblekukulka.pl\/blog\/wp-json\/wp\/v2\/tags?post=1199"}],"curies":[{"name":"wp","href":"https:\/\/api.w.org\/{rel}","templated":true}]}}