{"id":1075,"date":"2022-01-25T10:24:29","date_gmt":"2022-01-25T10:24:29","guid":{"rendered":"https:\/\/www.meblekukulka.pl\/blog\/?p=1075"},"modified":"2024-10-14T10:49:33","modified_gmt":"2024-10-14T10:49:33","slug":"naroznik-czy-sofa-na-co-sie-zdecydowac","status":"publish","type":"post","link":"https:\/\/meblekukulka.pl\/blog\/naroznik-czy-sofa-na-co-sie-zdecydowac\/","title":{"rendered":"Naro\u017cnik czy sofa &#8211; na co si\u0119 zdecydowa\u0107?"},"content":{"rendered":"\n<p>Urz\u0105dzaj\u0105c mieszkanie, cz\u0119sto zastanawiamy si\u0119 jakie rozwi\u0105zanie do relaksu i odpoczynku zastosowa\u0107 w salonie. Do wyboru mamy w ko\u0144cu bardzo wiele produkt\u00f3w, takich jak <strong>naro\u017cniki, sofy,<\/strong> kanapy czy jeszcze inne. Kt\u00f3re z nich s\u0105 jednak najbardziej funkcjonalnym, a zarazem dobrze wygl\u0105daj\u0105cym rozwi\u0105zaniem? Kt\u00f3re oka\u017c\u0105 si\u0119 praktyczne i \u0142atwe w utrzymaniu czysto\u015bci? Pozostaje tak\u017ce kwestia tego, kt\u00f3re meble sprawdz\u0105 si\u0119 lepiej w ma\u0142ym oraz wi\u0119kszym pomieszczeniu? Na te, a tak\u017ce inne kwestie dotycz\u0105ce <strong>mebli wypoczynkowych do salonu<\/strong> postaramy si\u0119 odpowiedzie\u0107 poni\u017cej!<\/p>\n\n\n\n<h2 class=\"wp-block-heading\"><strong>Naro\u017cnik czy sofa do ma\u0142ego salonu?<\/strong><\/h2>\n\n\n\n<p>Pok\u00f3j dzienny, kt\u00f3ry urz\u0105dzasz, nie jest zbyt du\u017cym pomieszczeniem? Szukasz dobrego rozwi\u0105zania do mieszkania w bloku? W takim razie powiniene\u015b dokona\u0107 wyboru <strong>mi\u0119dzy naro\u017cnikiem lub sof\u0105 do salonu<\/strong>. Obydwa te meble cechuj\u0105 si\u0119 funkcjonalno\u015bci\u0105 i praktyczno\u015bci\u0105 oraz mo\u017cliwo\u015bci\u0105 dopasowania ich zar\u00f3wno do mniejszych, jak i du\u017cych wn\u0119trz. <strong>Naro\u017cnik salonowy<\/strong> to bardzo dobre rozwi\u0105zanie, aby uzyska\u0107 wi\u0119ksz\u0105 przestrze\u0144 do relaksu, jednak mo\u017ce ograniczy\u0107 Ci mo\u017cliwo\u015bci wystroju ma\u0142ego salonu, aczkolwiek nie oznacza to, \u017ce nie da si\u0119 go wkomponowa\u0107 w mniejsze wn\u0119trze. <strong>Naro\u017cnik<\/strong> ustawiony w k\u0105cie salonu pozostawia nieco przestrzeni i da Ci pogl\u0105d na ca\u0142y salon podczas relaksu. Z kolei<strong> sofa salonowa<\/strong> otwiera przed Tob\u0105 mo\u017cliwo\u015b\u0107 ustawienia jej w dowolnym miejscu i daje pole do popisu w kwestii aran\u017cacji salonu. Jest ona te\u017c nieco bardziej praktyczna, poniewa\u017c mo\u017cna \u0142atwo zmieni\u0107 jej miejsce i co jaki\u015b czas od\u015bwie\u017cy\u0107 i przemeblowa\u0107 salon oraz pozostawi Ci wi\u0119ksza ilo\u015b\u0107 wolnego miejsca. Je\u015bli natomiast chodzi o estetyk\u0119 to zar\u00f3wno <strong>naro\u017cniki<\/strong>, jak i <strong>sofy do salonu<\/strong> cechuj\u0105 si\u0119 pi\u0119knym i stylowym wygl\u0105dem, kt\u00f3ry na pewno zachwyci ka\u017cdego domownika.<\/p>\n\n\n\n<h2 class=\"wp-block-heading\"><strong>Sofa czy naro\u017cnik do spania?<\/strong><\/h2>\n\n\n\n<p>Kolejna kluczowa kwestia, dotycz\u0105ca ostatecznego wyboru zale\u017cy od tego, czy szukasz mebla, z kt\u00f3rego b\u0119dziesz korzysta\u0107 wy\u0142\u0105cznie w ci\u0105gu dnia czy r\u00f3wnie\u017c w nocy. W ko\u0144cu kupuj\u0105c <strong>naro\u017cnik lub sof\u0119<\/strong>, mo\u017cna zdecydowa\u0107 si\u0119 na kupno <strong>naro\u017cnika czy sofy z funkcj\u0105 spania<\/strong>. Jest to dobre rozwi\u0105zanie dla os\u00f3b, kt\u00f3re chc\u0105 zaoszcz\u0119dzi\u0107 miejsce, nie dysponuj\u0105 du\u017c\u0105 ilo\u015bci\u0105 pomieszcze\u0144, aby urz\u0105dzi\u0107 osobn\u0105 sypialni\u0119, lub cz\u0119sto przyjmuj\u0105 go\u015bci i chc\u0105 mie\u0107 mo\u017cliwo\u015b\u0107, aby ich przenocowa\u0107. W\u00f3wczas warto wybra\u0107 <strong>naro\u017cnik lub sof\u0119 do spania<\/strong>. Tutaj po raz kolejny wyb\u00f3r jest do\u015b\u0107 subiektywny i zale\u017cy od indywidualnych oczekiwa\u0144. Jak wiadomo, naro\u017cnik zajmuje wi\u0119cej miejsca ani\u017celi sofa, w zwi\u0105zku z czym lepiej dostosuje si\u0119 on do du\u017cego salonu. Jest on te\u017c dobrym wyborem dla os\u00f3b, kt\u00f3re podczas snu preferuj\u0105 mie\u0107 du\u017co miejsca. Z kolei <strong>sofa rozk\u0142adana <\/strong>lepiej odnajdzie si\u0119 w ma\u0142ych pomieszczeniach, b\u0119dzie rozwi\u0105zaniem bardziej praktycznym i funkcjonalnym. Pomimo \u017ce jest ona mniejsza ni\u017c typowy <strong>naro\u017cnik rozk\u0142adany<\/strong>, to r\u00f3wnie\u017c mo\u017ce zaoferowa\u0107 niema\u0142\u0105 przestrze\u0144 do spania, na kt\u00f3rej na pewno ka\u017cdy b\u0119dzie m\u00f3g\u0142 si\u0119 wyspa\u0107. Inn\u0105 opcj\u0105 jest tak\u017ce wyposa\u017cenie si\u0119 w dwie sofy. Dok\u0142adnie tak, klienci cz\u0119sto pytaj\u0105, czy lepsze b\u0119dzie skorzystanie z wi\u0119kszego <strong>naro\u017cnika czy dw\u00f3ch sof<\/strong>. Jednak w tym przypadku pami\u0119taj, \u017ce dwie sofy mog\u0105 zaj\u0105\u0107 nawet wi\u0119cej miejsca w salonie ni\u017c naro\u017cnik, tym samym jest to opcja dla os\u00f3b, kt\u00f3re posiadaj\u0105 spory pok\u00f3j dzienny.<br><\/p>\n\n\n\n<h3 class=\"wp-block-heading\"><strong>Ostateczna decyzja \u2013 naro\u017cnik czy sofa?<\/strong><\/h3>\n\n\n\n<p>Nadesz\u0142a pora, aby ostatecznie stwierdzi\u0107 czy lepszym wyborem b\u0119dzie<strong> sofa czy naro\u017cnik<\/strong>? No c\u00f3\u017c, wyb\u00f3r ten w g\u0142\u00f3wnej mierze b\u0119dzie zale\u017ca\u0142 od Twoich preferencji. Obydwa meble wypoczynkowe oferuj\u0105 styl i wygod\u0119, a tak\u017ce praktyczno\u015b\u0107. Jednak do szczeg\u00f3lnie ma\u0142ych salon\u00f3w bardziej zalecamy wyb\u00f3r<strong> sofy<\/strong>, kt\u00f3ra zajmie mniej miejsca i da Ci wi\u0119cej mo\u017cliwo\u015bci aran\u017cacji.<\/p>\n\n\n\n<h3 class=\"wp-block-heading\"><strong>Postaw na naro\u017cniki i sofy do salonu najwy\u017cszej jako\u015bci!<\/strong><\/h3>\n\n\n\n<p>Decyzja ju\u017c podj\u0119ta? Bez wzgl\u0119du na czy zdecydujesz si\u0119 na wyposa\u017cenie swojego wn\u0119trza w <strong>naro\u017cnik czy sof\u0119 <\/strong>oraz czy szukasz <strong>opcji z rozk\u0142adaniem lub bez rozk\u0142adania<\/strong>, pragn\u0119 poleci\u0107 Ci sklep, w kt\u00f3rym znajdziesz <a href=\"https:\/\/meblekukulka.pl\/89-meble-wypoczynkowe-do-salonu\">najlepsze meble wypoczynkowe<\/a> i inne! Na stronie MebleKukulka.pl znajdziesz niezwykle szerok\u0105 ofert\u0119<strong> naro\u017cnik\u00f3w i sof<\/strong>, a tak\u017ce<strong> naro\u017cnik\u00f3w z funkcj\u0105 spania<\/strong>,<a href=\"https:\/\/meblekukulka.pl\/47-sofy-rozkladane\">sof rozk\u0142adanych<\/a>, a tak\u017ce<a href=\"https:\/\/meblekukulka.pl\/261-sofy-z-funkcja-spania\">sof tapicerowanych z funkcj\u0105 spania<\/a>, za kt\u00f3rymi przemawia jako\u015b\u0107 i najlepsze materia\u0142y. Ka\u017cdy z produkt\u00f3w z tego sklepu posiada wiele pozytywnych opinii i znalaz\u0142 ju\u017c zastosowanie w niejednym domu. Je\u015bli wi\u0119c zale\u017cy Ci na stylowym, praktycznym i solidnym meblu, kt\u00f3ry upi\u0119kszy Tw\u00f3j dom na wiele lat, koniecznie sprawd\u017a Meble Kuku\u0142ka!<br><\/p>\n\n\n<!--themify_builder_content-->\n<div id=\"themify_builder_content-1075\" data-postid=\"1075\" class=\"themify_builder_content themify_builder_content-1075 themify_builder tf_clear\">\n    <\/div>\n<!--\/themify_builder_content-->\n","protected":false},"excerpt":{"rendered":"<p>Urz\u0105dzaj\u0105c mieszkanie, cz\u0119sto zastanawiamy si\u0119 jakie rozwi\u0105zanie do relaksu i odpoczynku zastosowa\u0107 w salonie. Do wyboru mamy w ko\u0144cu bardzo wiele produkt\u00f3w, takich jak naro\u017cniki, sofy, kanapy czy jeszcze inne. Kt\u00f3re z nich s\u0105 jednak najbardziej funkcjonalnym, a zarazem dobrze wygl\u0105daj\u0105cym rozwi\u0105zaniem? Kt\u00f3re oka\u017c\u0105 si\u0119 praktyczne i \u0142atwe w utrzymaniu czysto\u015bci? Pozostaje tak\u017ce kwestia tego, [&hellip;]<\/p>\n","protected":false},"author":8,"featured_media":1076,"comment_status":"open","ping_status":"closed","sticky":false,"template":"","format":"standard","meta":{"footnotes":""},"categories":[1,3],"tags":[],"class_list":["post-1075","post","type-post","status-publish","format-standard","has-post-thumbnail","hentry","category-inspiracje","category-porady","has-post-title","has-post-date","has-post-category","has-post-tag","has-post-comment","has-post-author",""],"yoast_head":"<!-- This site is optimized with the Yoast SEO plugin v23.1 - https:\/\/yoast.com\/wordpress\/plugins\/seo\/ -->\n<title>Naro\u017cnik czy sofa - na co si\u0119 zdecydowa\u0107? | Blog Meble Kuku\u0142ka<\/title>\n<meta name=\"description\" content=\"Blog Meble Kuku\u0142ka - Naro\u017cnik czy sofa - na co si\u0119 zdecydowa\u0107? - Porady i ciekawostki ze \u015bwiata wn\u0119trz i aran\u017cacji.\" \/>\n<meta name=\"robots\" content=\"index, follow, max-snippet:-1, max-image-preview:large, max-video-preview:-1\" \/>\n<link rel=\"canonical\" href=\"https:\/\/meblekukulka.pl\/blog\/naroznik-czy-sofa-na-co-sie-zdecydowac\/\" \/>\n<meta property=\"og:locale\" content=\"pl_PL\" \/>\n<meta property=\"og:type\" content=\"article\" \/>\n<meta property=\"og:title\" content=\"Naro\u017cnik czy sofa - na co si\u0119 zdecydowa\u0107? | Blog Meble Kuku\u0142ka\" \/>\n<meta property=\"og:description\" content=\"Blog Meble Kuku\u0142ka - Naro\u017cnik czy sofa - na co si\u0119 zdecydowa\u0107? - Porady i ciekawostki ze \u015bwiata wn\u0119trz i aran\u017cacji.\" \/>\n<meta property=\"og:url\" content=\"https:\/\/meblekukulka.pl\/blog\/naroznik-czy-sofa-na-co-sie-zdecydowac\/\" \/>\n<meta property=\"og:site_name\" content=\"Blog Meble Kuku\u0142ka\" \/>\n<meta property=\"article:publisher\" content=\"https:\/\/www.facebook.com\/meblekukulka\/\" \/>\n<meta property=\"article:published_time\" content=\"2022-01-25T10:24:29+00:00\" \/>\n<meta property=\"article:modified_time\" content=\"2024-10-14T10:49:33+00:00\" \/>\n<meta property=\"og:image\" content=\"https:\/\/meblekukulka.pl\/blog\/wp-content\/uploads\/2022\/01\/living-room-2569325_1920.jpg\" \/>\n\t<meta property=\"og:image:width\" content=\"1920\" \/>\n\t<meta property=\"og:image:height\" content=\"1280\" \/>\n\t<meta property=\"og:image:type\" content=\"image\/jpeg\" \/>\n<meta name=\"author\" content=\"Exel\" \/>\n<meta name=\"twitter:card\" content=\"summary_large_image\" \/>\n<meta name=\"twitter:label1\" content=\"Napisane przez\" \/>\n\t<meta name=\"twitter:data1\" content=\"Exel\" \/>\n\t<meta name=\"twitter:label2\" content=\"Szacowany czas czytania\" \/>\n\t<meta name=\"twitter:data2\" content=\"5 minut\" \/>\n<script type=\"application\/ld+json\" class=\"yoast-schema-graph\">{\"@context\":\"https:\/\/schema.org\",\"@graph\":[{\"@type\":\"WebPage\",\"@id\":\"https:\/\/meblekukulka.pl\/blog\/naroznik-czy-sofa-na-co-sie-zdecydowac\/\",\"url\":\"https:\/\/meblekukulka.pl\/blog\/naroznik-czy-sofa-na-co-sie-zdecydowac\/\",\"name\":\"Naro\u017cnik czy sofa - na co si\u0119 zdecydowa\u0107? | Blog Meble Kuku\u0142ka\",\"isPartOf\":{\"@id\":\"https:\/\/meblekukulka.pl\/blog\/#website\"},\"primaryImageOfPage\":{\"@id\":\"https:\/\/meblekukulka.pl\/blog\/naroznik-czy-sofa-na-co-sie-zdecydowac\/#primaryimage\"},\"image\":{\"@id\":\"https:\/\/meblekukulka.pl\/blog\/naroznik-czy-sofa-na-co-sie-zdecydowac\/#primaryimage\"},\"thumbnailUrl\":\"https:\/\/meblekukulka.pl\/blog\/wp-content\/uploads\/2022\/01\/living-room-2569325_1920.jpg\",\"datePublished\":\"2022-01-25T10:24:29+00:00\",\"dateModified\":\"2024-10-14T10:49:33+00:00\",\"author\":{\"@id\":\"https:\/\/meblekukulka.pl\/blog\/#\/schema\/person\/62b23b9e327365969e28ef6608042677\"},\"description\":\"Blog Meble Kuku\u0142ka - Naro\u017cnik czy sofa - na co si\u0119 zdecydowa\u0107? - Porady i ciekawostki ze \u015bwiata wn\u0119trz i aran\u017cacji.\",\"breadcrumb\":{\"@id\":\"https:\/\/meblekukulka.pl\/blog\/naroznik-czy-sofa-na-co-sie-zdecydowac\/#breadcrumb\"},\"inLanguage\":\"pl-PL\",\"potentialAction\":[{\"@type\":\"ReadAction\",\"target\":[\"https:\/\/meblekukulka.pl\/blog\/naroznik-czy-sofa-na-co-sie-zdecydowac\/\"]}]},{\"@type\":\"ImageObject\",\"inLanguage\":\"pl-PL\",\"@id\":\"https:\/\/meblekukulka.pl\/blog\/naroznik-czy-sofa-na-co-sie-zdecydowac\/#primaryimage\",\"url\":\"https:\/\/meblekukulka.pl\/blog\/wp-content\/uploads\/2022\/01\/living-room-2569325_1920.jpg\",\"contentUrl\":\"https:\/\/meblekukulka.pl\/blog\/wp-content\/uploads\/2022\/01\/living-room-2569325_1920.jpg\",\"width\":1920,\"height\":1280},{\"@type\":\"BreadcrumbList\",\"@id\":\"https:\/\/meblekukulka.pl\/blog\/naroznik-czy-sofa-na-co-sie-zdecydowac\/#breadcrumb\",\"itemListElement\":[{\"@type\":\"ListItem\",\"position\":1,\"name\":\"Strona g\u0142\u00f3wna\",\"item\":\"https:\/\/meblekukulka.pl\/blog\/\"},{\"@type\":\"ListItem\",\"position\":2,\"name\":\"Naro\u017cnik czy sofa &#8211; na co si\u0119 zdecydowa\u0107?\"}]},{\"@type\":\"WebSite\",\"@id\":\"https:\/\/meblekukulka.pl\/blog\/#website\",\"url\":\"https:\/\/meblekukulka.pl\/blog\/\",\"name\":\"Blog Meble Kuku\u0142ka\",\"description\":\"\",\"potentialAction\":[{\"@type\":\"SearchAction\",\"target\":{\"@type\":\"EntryPoint\",\"urlTemplate\":\"https:\/\/meblekukulka.pl\/blog\/?s={search_term_string}\"},\"query-input\":\"required name=search_term_string\"}],\"inLanguage\":\"pl-PL\"},{\"@type\":\"Person\",\"@id\":\"https:\/\/meblekukulka.pl\/blog\/#\/schema\/person\/62b23b9e327365969e28ef6608042677\",\"name\":\"Exel\"}]}<\/script>\n<!-- \/ Yoast SEO plugin. -->","yoast_head_json":{"title":"Naro\u017cnik czy sofa - na co si\u0119 zdecydowa\u0107? | Blog Meble Kuku\u0142ka","description":"Blog Meble Kuku\u0142ka - Naro\u017cnik czy sofa - na co si\u0119 zdecydowa\u0107? - Porady i ciekawostki ze \u015bwiata wn\u0119trz i aran\u017cacji.","robots":{"index":"index","follow":"follow","max-snippet":"max-snippet:-1","max-image-preview":"max-image-preview:large","max-video-preview":"max-video-preview:-1"},"canonical":"https:\/\/meblekukulka.pl\/blog\/naroznik-czy-sofa-na-co-sie-zdecydowac\/","og_locale":"pl_PL","og_type":"article","og_title":"Naro\u017cnik czy sofa - na co si\u0119 zdecydowa\u0107? | Blog Meble Kuku\u0142ka","og_description":"Blog Meble Kuku\u0142ka - Naro\u017cnik czy sofa - na co si\u0119 zdecydowa\u0107? - Porady i ciekawostki ze \u015bwiata wn\u0119trz i aran\u017cacji.","og_url":"https:\/\/meblekukulka.pl\/blog\/naroznik-czy-sofa-na-co-sie-zdecydowac\/","og_site_name":"Blog Meble Kuku\u0142ka","article_publisher":"https:\/\/www.facebook.com\/meblekukulka\/","article_published_time":"2022-01-25T10:24:29+00:00","article_modified_time":"2024-10-14T10:49:33+00:00","og_image":[{"width":1920,"height":1280,"url":"https:\/\/meblekukulka.pl\/blog\/wp-content\/uploads\/2022\/01\/living-room-2569325_1920.jpg","type":"image\/jpeg"}],"author":"Exel","twitter_card":"summary_large_image","twitter_misc":{"Napisane przez":"Exel","Szacowany czas czytania":"5 minut"},"schema":{"@context":"https:\/\/schema.org","@graph":[{"@type":"WebPage","@id":"https:\/\/meblekukulka.pl\/blog\/naroznik-czy-sofa-na-co-sie-zdecydowac\/","url":"https:\/\/meblekukulka.pl\/blog\/naroznik-czy-sofa-na-co-sie-zdecydowac\/","name":"Naro\u017cnik czy sofa - na co si\u0119 zdecydowa\u0107? | Blog Meble Kuku\u0142ka","isPartOf":{"@id":"https:\/\/meblekukulka.pl\/blog\/#website"},"primaryImageOfPage":{"@id":"https:\/\/meblekukulka.pl\/blog\/naroznik-czy-sofa-na-co-sie-zdecydowac\/#primaryimage"},"image":{"@id":"https:\/\/meblekukulka.pl\/blog\/naroznik-czy-sofa-na-co-sie-zdecydowac\/#primaryimage"},"thumbnailUrl":"https:\/\/meblekukulka.pl\/blog\/wp-content\/uploads\/2022\/01\/living-room-2569325_1920.jpg","datePublished":"2022-01-25T10:24:29+00:00","dateModified":"2024-10-14T10:49:33+00:00","author":{"@id":"https:\/\/meblekukulka.pl\/blog\/#\/schema\/person\/62b23b9e327365969e28ef6608042677"},"description":"Blog Meble Kuku\u0142ka - Naro\u017cnik czy sofa - na co si\u0119 zdecydowa\u0107? - Porady i ciekawostki ze \u015bwiata wn\u0119trz i aran\u017cacji.","breadcrumb":{"@id":"https:\/\/meblekukulka.pl\/blog\/naroznik-czy-sofa-na-co-sie-zdecydowac\/#breadcrumb"},"inLanguage":"pl-PL","potentialAction":[{"@type":"ReadAction","target":["https:\/\/meblekukulka.pl\/blog\/naroznik-czy-sofa-na-co-sie-zdecydowac\/"]}]},{"@type":"ImageObject","inLanguage":"pl-PL","@id":"https:\/\/meblekukulka.pl\/blog\/naroznik-czy-sofa-na-co-sie-zdecydowac\/#primaryimage","url":"https:\/\/meblekukulka.pl\/blog\/wp-content\/uploads\/2022\/01\/living-room-2569325_1920.jpg","contentUrl":"https:\/\/meblekukulka.pl\/blog\/wp-content\/uploads\/2022\/01\/living-room-2569325_1920.jpg","width":1920,"height":1280},{"@type":"BreadcrumbList","@id":"https:\/\/meblekukulka.pl\/blog\/naroznik-czy-sofa-na-co-sie-zdecydowac\/#breadcrumb","itemListElement":[{"@type":"ListItem","position":1,"name":"Strona g\u0142\u00f3wna","item":"https:\/\/meblekukulka.pl\/blog\/"},{"@type":"ListItem","position":2,"name":"Naro\u017cnik czy sofa &#8211; na co si\u0119 zdecydowa\u0107?"}]},{"@type":"WebSite","@id":"https:\/\/meblekukulka.pl\/blog\/#website","url":"https:\/\/meblekukulka.pl\/blog\/","name":"Blog Meble Kuku\u0142ka","description":"","potentialAction":[{"@type":"SearchAction","target":{"@type":"EntryPoint","urlTemplate":"https:\/\/meblekukulka.pl\/blog\/?s={search_term_string}"},"query-input":"required name=search_term_string"}],"inLanguage":"pl-PL"},{"@type":"Person","@id":"https:\/\/meblekukulka.pl\/blog\/#\/schema\/person\/62b23b9e327365969e28ef6608042677","name":"Exel"}]}},"builder_content":"","_links":{"self":[{"href":"https:\/\/meblekukulka.pl\/blog\/wp-json\/wp\/v2\/posts\/1075"}],"collection":[{"href":"https:\/\/meblekukulka.pl\/blog\/wp-json\/wp\/v2\/posts"}],"about":[{"href":"https:\/\/meblekukulka.pl\/blog\/wp-json\/wp\/v2\/types\/post"}],"author":[{"embeddable":true,"href":"https:\/\/meblekukulka.pl\/blog\/wp-json\/wp\/v2\/users\/8"}],"replies":[{"embeddable":true,"href":"https:\/\/meblekukulka.pl\/blog\/wp-json\/wp\/v2\/comments?post=1075"}],"version-history":[{"count":10,"href":"https:\/\/meblekukulka.pl\/blog\/wp-json\/wp\/v2\/posts\/1075\/revisions"}],"predecessor-version":[{"id":1905,"href":"https:\/\/meblekukulka.pl\/blog\/wp-json\/wp\/v2\/posts\/1075\/revisions\/1905"}],"wp:featuredmedia":[{"embeddable":true,"href":"https:\/\/meblekukulka.pl\/blog\/wp-json\/wp\/v2\/media\/1076"}],"wp:attachment":[{"href":"https:\/\/meblekukulka.pl\/blog\/wp-json\/wp\/v2\/media?parent=1075"}],"wp:term":[{"taxonomy":"category","embeddable":true,"href":"https:\/\/meblekukulka.pl\/blog\/wp-json\/wp\/v2\/categories?post=1075"},{"taxonomy":"post_tag","embeddable":true,"href":"https:\/\/meblekukulka.pl\/blog\/wp-json\/wp\/v2\/tags?post=1075"}],"curies":[{"name":"wp","href":"https:\/\/api.w.org\/{rel}","templated":true}]}}